{"id":100,"date":"2008-04-28T00:40:51","date_gmt":"2008-04-28T00:40:51","guid":{"rendered":"http:\/\/blogs.hoy.es\/Juandomingofernandez\/?p=100"},"modified":"2008-04-28T00:40:51","modified_gmt":"2008-04-28T00:40:51","slug":"ecos-del-68","status":"publish","type":"post","link":"https:\/\/blogs.hoy.es\/Juandomingofernandez\/2008\/04\/28\/ecos-del-68\/","title":{"rendered":"Ecos del 68"},"content":{"rendered":"<p><big>Reci\u00e9n casado yo ten\u00eda en Madrid un viejo p\u00f3ster con esta leyenda: \u2018En Praga se muere todav\u00eda\u2019. Ese cartel fue mi \u00faltimo contacto con la invasi\u00f3n de Praga por los tanques sovi\u00e9ticos, un triste episodio que solamente conoc\u00ed m\u00e1s tarde a trav\u00e9s de los libros de historia. En 1968 yo era un adolescente y aunque conservo un n\u00edtido recuerdo de la muerte del Che, ocurrida un a\u00f1o antes, los tres acontecimientos destacados del 68 sobreviven en mi memoria entremezclados con la niebla de las fechas. Del mayo franc\u00e9s, por ejemplo, se me grabaron cuatro im\u00e1genes de algarab\u00edas callejeras y un par de nombres: Rudi Dutschke y Daniel Cohn-Bendit, dos de los l\u00edderes que encabezaban las revueltas estudiantiles. La invasi\u00f3n de Praga qued\u00f3 en mi memoria como la confirmaci\u00f3n de que \u00a1los experimentos, con gaseosa!, especialmente si los promueve el pez chico; y de la matanza de la plaza de Tlatelolco en M\u00e9xico s\u00f3lo me acuerdo por el libro-reportaje de Oriana Fallaci. Si echo la vista atr\u00e1s descubro aspectos m\u00e1s pr\u00f3ximos de 1968: paseos por &#8216;Cursi&#8217;, ba\u00f1os en la entonces \u00fanica piscina p\u00fablica de C\u00e1ceres: la Ciudad Deportiva, y un pu\u00f1ado de canciones: &#8216;La vida sigue igual&#8217;, de Julio Iglesias; &#8216;Hey Jude&#8217;, de los Beatles; &#8216;Qu\u00e9 tiempo tan feliz&#8217;, en la versi\u00f3n de Mary Hopkin o en la de Sandie Shaw y sobre todo &#8216;La bambola&#8217;, de Patty Pravo, que fue para m\u00ed el himno sentimental de aquel verano.<br \/>\nLa pasada semana mi hijo y unos amigos se fueron varios d\u00edas a Praga. Yo confiaba secretamente en que me trajera algo relacionado con mi p\u00f3ster de reci\u00e9n casado. Me equivoqu\u00e9: compr\u00f3 un impresionante gorro sovi\u00e9tico, para \u00e9l, y a m\u00ed me dijo: \u00ab\u00bfNo te gusta la literatura? Pues ah\u00ed tienes unas postales de Kafka\u00bb.<\/big><\/p>\n<!-- AddThis Advanced Settings generic via filter on the_content --><!-- AddThis Share Buttons generic via filter on the_content -->","protected":false},"excerpt":{"rendered":"<p>Reci\u00e9n casado yo ten\u00eda en Madrid un viejo p\u00f3ster con esta leyenda: \u2018En Praga se muere todav\u00eda\u2019. Ese cartel fue mi \u00faltimo contacto con la invasi\u00f3n de Praga por los tanques sovi\u00e9ticos, un triste episodio que solamente conoc\u00ed m\u00e1s tarde a trav\u00e9s de los libros de historia. En 1968 yo era un adolescente y aunque [&hellip;]<!-- AddThis Advanced Settings generic via filter on get_the_excerpt --><!-- AddThis Share Buttons generic via filter on get_the_excerpt --><\/p>\n","protected":false},"author":13,"featured_media":0,"comment_status":"open","ping_status":"closed","sticky":false,"template":"","format":"standard","meta":[],"categories":[1],"tags":[20,721],"_links":{"self":[{"href":"https:\/\/blogs.hoy.es\/Juandomingofernandez\/wp-json\/wp\/v2\/posts\/100"}],"collection":[{"href":"https:\/\/blogs.hoy.es\/Juandomingofernandez\/wp-json\/wp\/v2\/posts"}],"about":[{"href":"https:\/\/blogs.hoy.es\/Juandomingofernandez\/wp-json\/wp\/v2\/types\/post"}],"author":[{"embeddable":true,"href":"https:\/\/blogs.hoy.es\/Juandomingofernandez\/wp-json\/wp\/v2\/users\/13"}],"replies":[{"embeddable":true,"href":"https:\/\/blogs.hoy.es\/Juandomingofernandez\/wp-json\/wp\/v2\/comments?post=100"}],"version-history":[{"count":0,"href":"https:\/\/blogs.hoy.es\/Juandomingofernandez\/wp-json\/wp\/v2\/posts\/100\/revisions"}],"wp:attachment":[{"href":"https:\/\/blogs.hoy.es\/Juandomingofernandez\/wp-json\/wp\/v2\/media?parent=100"}],"wp:term":[{"taxonomy":"category","embeddable":true,"href":"https:\/\/blogs.hoy.es\/Juandomingofernandez\/wp-json\/wp\/v2\/categories?post=100"},{"taxonomy":"post_tag","embeddable":true,"href":"https:\/\/blogs.hoy.es\/Juandomingofernandez\/wp-json\/wp\/v2\/tags?post=100"}],"curies":[{"name":"wp","href":"https:\/\/api.w.org\/{rel}","templated":true}]}}