{"id":1000,"date":"2019-11-28T10:07:53","date_gmt":"2019-11-28T09:07:53","guid":{"rendered":"http:\/\/blogs.hoy.es\/Juandomingofernandez\/?p=1000"},"modified":"2019-11-28T10:07:53","modified_gmt":"2019-11-28T09:07:53","slug":"enturbiados","status":"publish","type":"post","link":"https:\/\/blogs.hoy.es\/Juandomingofernandez\/2019\/11\/28\/enturbiados\/","title":{"rendered":"Enturbiados"},"content":{"rendered":"<p>Empezamos a tener m\u00e1s claro lo que ocurri\u00f3 hace siglos y milenios que lo que previsiblemente suceder\u00e1 ma\u00f1ana. Ya queda menos, por ejemplo, para que regresen los arque\u00f3logos al yacimiento del Turu\u00f1uelo (Guare\u00f1a, Badajoz), uno de los enclaves tart\u00e9sicos de las vegas del Guadiana, donde se ha descubierto el primer sacrificio masivo y ritual de animales del Mediterr\u00e1neo (al menos 52 caballos), los primeros restos de lana de toda la pen\u00ednsula ib\u00e9rica, elementos y t\u00e9cnicas constructivas \u00fanicas en el Mediterr\u00e1neo occidental (entre otros, una especie de \u2018cemento\u2019 similar al utilizado muy posteriormente en las edificaciones romanas), aparte de semillas, armas, joyas, calderos, bronces o restos de una escultura de m\u00e1rmol procedente del Egeo. Una joya arqueol\u00f3gica de hace 2.500 a\u00f1os de la que apenas se ha excavado la d\u00e9cima parte.<\/p>\n<p>Esta misma semana se celebra en Burgos el congreso internacional \u2018Las Glosas Silenses, casi mil a\u00f1os despu\u00e9s\u2019, donde se analizar\u00e1n esos comentarios marginales o glosas \u2013tal como las Glosas Emilianenses\u2013 escritos en un libro penitencial con texto latino que se encontr\u00f3 en el archivo del Monasterio de Santo Domingo de Silos, aunque en la actualidad se conserva en la Biblioteca Brit\u00e1nica. Durante el congreso, organizado por el Instituto Castellano y Leon\u00e9s de la Lengua que dirige el catedr\u00e1tico Gonzalo Santonja, se indagar\u00e1 en los or\u00edgenes del espa\u00f1ol a trav\u00e9s de una nueva edici\u00f3n que reunir\u00e1 las 368 glosas o anotaciones en lat\u00edn, en romance y su \u00abtraslado\u00bb, por vez primera, al castellano actual. Otra joya para quien ama nuestra lengua.<\/p>\n<p>Estoy convencido de que lo incontrovertible de cualquier an\u00e1lisis riguroso (sea de arqueolog\u00eda, de ling\u00fc\u00edstica, de pol\u00edtica, de historia\u2026) mantiene una relaci\u00f3n directamente proporcional con lo alejado del acontecimiento. A m\u00e1s tiempo transcurrido, m\u00e1s precisi\u00f3n. Aunque parezca parad\u00f3jico, resulta m\u00e1s f\u00e1cil desentra\u00f1ar una sucesi\u00f3n de hechos que ocurrieron hace siglos que otros m\u00e1s cercanos, de los que a\u00fan se escuchan los ecos. \u00bfQuiz\u00e1s porque adem\u00e1s de la famosa \u2018perspectiva\u2019 para estudiar y analizar con rigor es necesario que los datos se nos muestren en su frialdad racional, sin el aditamento a veces contaminante de los sentimientos? Basta pensar en la disparidad de enfoques y en la visceralidad con que se afrontan, pongamos por caso, acontecimientos como la Guerra Civil espa\u00f1ola, la Transici\u00f3n a la democracia, la llamada Ley de la Memoria Hist\u00f3rica o, ayer mismo, la interpretaci\u00f3n y las declaraciones p\u00fablicas que alguna formaci\u00f3n pol\u00edtica hace en relaci\u00f3n a un problema \u2013con gravedad de pandemia\u2013, como el de la violencia de g\u00e9nero.<\/p>\n<p>\u00bfCu\u00e1nto tiempo es preciso que transcurra para que resulte \u2018comprensible\u2019, sin que el sentimiento enturbie la raz\u00f3n, encrucijadas como la que vive en estos d\u00edas Espa\u00f1a, con un gobierno en funciones sometido a la presi\u00f3n contumaz, insaciable, de los nacionalismos perif\u00e9ricos y con un l\u00edder, hasta el momento, incapaz de imantar en torno a s\u00ed mismo y a su partido, el apoyo de otras formaciones constitucionalistas? A este paso, mi buen Yorick, igual conocemos antes los m\u00e1s impenetrables secretos tart\u00e9sicos y los balbuceos de una lengua como el castellano que la fecha en que ser\u00e1 investido el pr\u00f3ximo presidente del Gobierno de Espa\u00f1a.<\/p>\n<!-- AddThis Advanced Settings generic via filter on the_content --><!-- AddThis Share Buttons generic via filter on the_content -->","protected":false},"excerpt":{"rendered":"<p>Empezamos a tener m\u00e1s claro lo que ocurri\u00f3 hace siglos y milenios que lo que previsiblemente suceder\u00e1 ma\u00f1ana. Ya queda menos, por ejemplo, para que regresen los arque\u00f3logos al yacimiento del Turu\u00f1uelo (Guare\u00f1a, Badajoz), uno de los enclaves tart\u00e9sicos de las vegas del Guadiana, donde se ha descubierto el primer sacrificio masivo y ritual de [&hellip;]<!-- AddThis Advanced Settings generic via filter on get_the_excerpt --><!-- AddThis Share Buttons generic via filter on get_the_excerpt --><\/p>\n","protected":false},"author":13,"featured_media":0,"comment_status":"open","ping_status":"closed","sticky":false,"template":"","format":"standard","meta":[],"categories":[1],"tags":[422,1822,578,891,1457,1821,1341],"_links":{"self":[{"href":"https:\/\/blogs.hoy.es\/Juandomingofernandez\/wp-json\/wp\/v2\/posts\/1000"}],"collection":[{"href":"https:\/\/blogs.hoy.es\/Juandomingofernandez\/wp-json\/wp\/v2\/posts"}],"about":[{"href":"https:\/\/blogs.hoy.es\/Juandomingofernandez\/wp-json\/wp\/v2\/types\/post"}],"author":[{"embeddable":true,"href":"https:\/\/blogs.hoy.es\/Juandomingofernandez\/wp-json\/wp\/v2\/users\/13"}],"replies":[{"embeddable":true,"href":"https:\/\/blogs.hoy.es\/Juandomingofernandez\/wp-json\/wp\/v2\/comments?post=1000"}],"version-history":[{"count":1,"href":"https:\/\/blogs.hoy.es\/Juandomingofernandez\/wp-json\/wp\/v2\/posts\/1000\/revisions"}],"predecessor-version":[{"id":1001,"href":"https:\/\/blogs.hoy.es\/Juandomingofernandez\/wp-json\/wp\/v2\/posts\/1000\/revisions\/1001"}],"wp:attachment":[{"href":"https:\/\/blogs.hoy.es\/Juandomingofernandez\/wp-json\/wp\/v2\/media?parent=1000"}],"wp:term":[{"taxonomy":"category","embeddable":true,"href":"https:\/\/blogs.hoy.es\/Juandomingofernandez\/wp-json\/wp\/v2\/categories?post=1000"},{"taxonomy":"post_tag","embeddable":true,"href":"https:\/\/blogs.hoy.es\/Juandomingofernandez\/wp-json\/wp\/v2\/tags?post=1000"}],"curies":[{"name":"wp","href":"https:\/\/api.w.org\/{rel}","templated":true}]}}