{"id":1008,"date":"2019-12-19T09:29:11","date_gmt":"2019-12-19T08:29:11","guid":{"rendered":"http:\/\/blogs.hoy.es\/Juandomingofernandez\/?p=1008"},"modified":"2019-12-19T09:29:11","modified_gmt":"2019-12-19T08:29:11","slug":"saltos-cualitativos","status":"publish","type":"post","link":"https:\/\/blogs.hoy.es\/Juandomingofernandez\/2019\/12\/19\/saltos-cualitativos\/","title":{"rendered":"Saltos cualitativos"},"content":{"rendered":"<p>M\u00e1s de una vez se ha insistido en la relevancia econ\u00f3mica y social que tuvo para C\u00e1ceres la explotaci\u00f3n de las <a href=\"https:\/\/es.wikipedia.org\/wiki\/Aldea_Moret\">minas de Aldea Moret<\/a>, no solo por la extracci\u00f3n de fosforita para su transformaci\u00f3n en abono, sino por suscitar, de hecho, la llegada del ferrocarril a la ciudad y generar durante m\u00e1s de un siglo actividad laboral e industrial. En la vida de C\u00e1ceres, las minas de fosfatos supusieron un antes y un despu\u00e9s que han marcado su historia. Un salto cualitativo que introdujo nuevas derivadas probablemente dif\u00edciles de prever en aquellos momentos iniciales en que se decidi\u00f3 explotar el mineral para trasladarlo en carretas hasta Lisboa. A otro nivel, en C\u00e1ceres se han generado iniciativas que constituyeron asimismo \u2018saltos cualitativos\u2019 y contribuyeron a perfilar un futuro mejor. Estoy pensando, pongamos por caso, en el <a href=\"http:\/\/museodecaceres.juntaex.es\/web\/view\/portal\/index\/index.php\">Museo de C\u00e1ceres<\/a> \u2013desde sus or\u00edgenes, a finales del siglo XIX como Comisi\u00f3n Provincial de Monumentos de C\u00e1ceres\u2013 o en el <a href=\"https:\/\/es.wikipedia.org\/wiki\/Museo_Vostell_Malpartida\">Museo Vostell Malpartida<\/a>, creado en 1976 por el artista hispanoalem\u00e1n Wolf Vostell, aprovechando edificios del antiguo lavadero de lanas de tiempos de la mesta. \u00bfAlguien se imagina qu\u00e9 ser\u00eda de una industria moderna como el turismo sin el Museo de C\u00e1ceres o sin el Museo Vostell en el paraje natural de Los Barruecos de Malpartida? Sin su valor a\u00f1adido.<\/p>\n<p>Esta semana la galerista Helga de Alvear ha donado 207 obras, tasadas en 42 millones de euros, al <a href=\"http:\/\/fundacionhelgadealvear.es\/\">Centro de Artes Visuales y a la fundaci\u00f3n<\/a> que lleva su nombre en C\u00e1ceres. Se trata de la primera entrega de una colecci\u00f3n que re\u00fane cerca de 3.000 piezas y que ya han convertido, a trav\u00e9s de su sede actual: el viejo edificio de la Casa Grande remodelado por el arquitecto Luis Tu\u00f1\u00f3n, en referente del arte contempor\u00e1neo en Espa\u00f1a. Una colecci\u00f3n que la propia Helga de Alvear justifica de manera sencilla: \u00abA m\u00ed me interesa el arte contempor\u00e1neo, porque nos habla de nuestro tiempo y de nosotros mismos, porque crea y desarrolla lenguajes que pueden explicarnos, de manera nueva, el mundo que nos ha tocado vivir y del que a menudo solo rozamos la superficie\u00bb. Supongo que para llegar hasta este punto ha sido necesario que Helga de Alvear destine millones de euros de su patrimonio personal a satisfacer esa pasi\u00f3n art\u00edstica, pero tambi\u00e9n ha sido preciso que unas administraciones p\u00fablicas (en este caso, haciendo justicia, hay que citar a la Junta de Extremadura y a su entonces presidente Rodr\u00edguez Ibarra) para apostar por una opci\u00f3n que termine convirti\u00e9ndose en salto cualitativo hacia un futuro mejor.<\/p>\n<p>Sin embargo, no se trata \u00fanicamente de iniciativas p\u00fablicas. Si esos \u00faltimos empe\u00f1os vinculados con el arte conceptual y contempor\u00e1neo que son el Museo Vostell Malpartida y la Fundaci\u00f3n Helga de Alvear cuentan con el paraguas de las administraciones p\u00fablicas, otras dos magn\u00edficas apuestas: la <a href=\"https:\/\/es.wikipedia.org\/wiki\/Fundaci%C3%B3n_Mercedes_Calles_y_Carlos_Ballestero\">Fundaci\u00f3n Mercedes Calles<\/a> (con el remodelado Palacio de los Becerra) y la Fundaci\u00f3n Tatiana P\u00e9rez de Guzm\u00e1n el Bueno (con la rehabilitaci\u00f3n y \u2018museizaci\u00f3n\u2019 del <a href=\"http:\/\/www.palaciogolfinesdeabajo.com\/visita\/\">Palacio de los Golfines de Abajo<\/a>) representan tambi\u00e9n avances significativos para los sectores tur\u00edstico y cultural de Extremadura. Otras minas para explotar.<\/p>\n<!-- AddThis Advanced Settings generic via filter on the_content --><!-- AddThis Share Buttons generic via filter on the_content -->","protected":false},"excerpt":{"rendered":"<p>M\u00e1s de una vez se ha insistido en la relevancia econ\u00f3mica y social que tuvo para C\u00e1ceres la explotaci\u00f3n de las minas de Aldea Moret, no solo por la extracci\u00f3n de fosforita para su transformaci\u00f3n en abono, sino por suscitar, de hecho, la llegada del ferrocarril a la ciudad y generar durante m\u00e1s de un [&hellip;]<!-- AddThis Advanced Settings generic via filter on get_the_excerpt --><!-- AddThis Share Buttons generic via filter on get_the_excerpt --><\/p>\n","protected":false},"author":13,"featured_media":0,"comment_status":"open","ping_status":"closed","sticky":false,"template":"","format":"standard","meta":[],"categories":[1],"tags":[1834,179,307,513,515,516,1616,1832,954,1833,1290],"_links":{"self":[{"href":"https:\/\/blogs.hoy.es\/Juandomingofernandez\/wp-json\/wp\/v2\/posts\/1008"}],"collection":[{"href":"https:\/\/blogs.hoy.es\/Juandomingofernandez\/wp-json\/wp\/v2\/posts"}],"about":[{"href":"https:\/\/blogs.hoy.es\/Juandomingofernandez\/wp-json\/wp\/v2\/types\/post"}],"author":[{"embeddable":true,"href":"https:\/\/blogs.hoy.es\/Juandomingofernandez\/wp-json\/wp\/v2\/users\/13"}],"replies":[{"embeddable":true,"href":"https:\/\/blogs.hoy.es\/Juandomingofernandez\/wp-json\/wp\/v2\/comments?post=1008"}],"version-history":[{"count":1,"href":"https:\/\/blogs.hoy.es\/Juandomingofernandez\/wp-json\/wp\/v2\/posts\/1008\/revisions"}],"predecessor-version":[{"id":1009,"href":"https:\/\/blogs.hoy.es\/Juandomingofernandez\/wp-json\/wp\/v2\/posts\/1008\/revisions\/1009"}],"wp:attachment":[{"href":"https:\/\/blogs.hoy.es\/Juandomingofernandez\/wp-json\/wp\/v2\/media?parent=1008"}],"wp:term":[{"taxonomy":"category","embeddable":true,"href":"https:\/\/blogs.hoy.es\/Juandomingofernandez\/wp-json\/wp\/v2\/categories?post=1008"},{"taxonomy":"post_tag","embeddable":true,"href":"https:\/\/blogs.hoy.es\/Juandomingofernandez\/wp-json\/wp\/v2\/tags?post=1008"}],"curies":[{"name":"wp","href":"https:\/\/api.w.org\/{rel}","templated":true}]}}