{"id":1010,"date":"2019-12-26T10:23:09","date_gmt":"2019-12-26T09:23:09","guid":{"rendered":"http:\/\/blogs.hoy.es\/Juandomingofernandez\/?p=1010"},"modified":"2019-12-26T10:23:09","modified_gmt":"2019-12-26T09:23:09","slug":"la-misericordia-y-la-dinamita","status":"publish","type":"post","link":"https:\/\/blogs.hoy.es\/Juandomingofernandez\/2019\/12\/26\/la-misericordia-y-la-dinamita\/","title":{"rendered":"La misericordia y la dinamita"},"content":{"rendered":"<p>He visto en estos d\u00edas navide\u00f1os \u2018Los dos papas\u2019, una pel\u00edcula que quiz\u00e1s invita a la reflexi\u00f3n tanto o m\u00e1s que visitar nuestros tradicionales belenes. Inspirada en hechos reales y dirigida por Fernando Meirelles, recrea con gran verosimilitud una serie de encuentros y conversaciones en las que el papa Benedicto XVI, Joseph Ratzinger, y el papa Francisco, Jorge Bergoglio, argumentan acerca de sus trayectorias personales y debaten sobre el pasado y el futuro de la iglesia cat\u00f3lica. Tengo la impresi\u00f3n de que la pel\u00edcula huye de la caricatura y de la hagiograf\u00eda. Por encima de los detalles estrictamente cinematogr\u00e1ficos: decorados, vestuario, iluminaci\u00f3n\u2026 las interpretaciones de Jonathan Pryce como el cardenal Bergoglio y de Anthony Hopkins como el papa Benedicto son m\u00e1s que sobresalientes, a lo que contribuye desde luego su parecido con los protagonistas reales.<\/p>\n<p>Buena parte de la pel\u00edcula es un ejercicio de esgrima dial\u00e9ctica entre los dos \u00faltimos cardenales llamados a ocupar el trono de San Pedro. Dos posiciones que representan, a su vez, personalidades muy distintas y hasta concepciones encontradas respecto al papel de la iglesia en nuestros d\u00edas. Pero Meirelles no retrata a prototipos fr\u00edos e impersonales, sino a dos seres cargados de humanidad, de firmeza y tambi\u00e9n de dudas. A dos hombres de quienes podemos incluso apiadarnos cuando nos acercamos a sus pasiones y debilidades. Acaso como dijo Inocencio X del retrato que le pint\u00f3 Vel\u00e1zquez: \u00abTroppo vero\u00bb (\u00abdemasiado veraz\u00bb).<\/p>\n<p>Creo que uno de esos momentos fundacionales se produce cuando Bergoglio \u2013que viaja a Roma con la firme intenci\u00f3n de renunciar al cardenalato\u2013 es recibido por Benedicto XVI en los jardines del palacio de Castel Gandolfo. Tras debatir sobre la humildad en el vivir de la jerarqu\u00eda eclesi\u00e1stica, el celibato o la homosexualidad, Ratzinger reprende al cardenal argentino: \u00abCreo que da abiertamente los sacramentos a aquellos que est\u00e1n fuera de la comuni\u00f3n, a los divorciados, por ejemplo\u00bb. Y responde Bergoglio: \u00ab\u00a1Oh!, yo creo que dar la comuni\u00f3n no es un premio para los virtuosos, es alimento para los hambrientos\u00bb. Y sigue la diatriba:<\/p>\n<p>Ratzinger: \u00ab\u00a1Ah!, lo que importa es lo que usted cree, no lo que la iglesia nos ha ense\u00f1ado durante siglos\u00bb.<\/p>\n<p>Bergoglio: \u00abNo, no\u2026 Marcos 2, vers\u00edculo 17: `Vine a llamar a los pecadores\u00b4, como la iglesia ha ense\u00f1ado durante miles de a\u00f1os\u00bb.<\/p>\n<p>Ratzinger: \u00abPero si no marcamos un l\u00edmite\u2026\u00bb.<\/p>\n<p>Bergoglio: \u00abO alzamos muros que nos separen\u2026\u00bb.<\/p>\n<p>Ratzinger: \u00ab\u00a1Habla de muros como si fueran malos! \u00a1Las casas se construyen con muros fuertes!\u00bb.<\/p>\n<p>Bergoglio: \u00ab\u00bfY Jes\u00fas alz\u00f3 muros? Su rostro es el de la misericordia. Cuanto m\u00e1s pecador, m\u00e1s c\u00e1lida la bienvenida. La misericordia es la dinamita que derruye los muros\u00bb. En ese momento ambos se levantan del banco donde est\u00e1n sentados y Ratzinger, con cierto fastidio, le dice \u00ab\u00a1Tiene una respuesta para todo!\u00bb.<\/p>\n<p>Las contradicciones, el peso de la responsabilidad como jerarcas de una instituci\u00f3n milenaria, la solvencia intelectual, el relativismo moral y hasta el humor sazonan los encuentros del Papa con el cardenal llamado a sucederle. La clave de esta partida est\u00e1 quiz\u00e1s en la \u2018posici\u00f3n\u2019 que se atribuye Bergoglio: \u00abLa vida es todo cambio. Nada es est\u00e1tico en la naturaleza ni el universo; ni siquiera Dios\u00bb. \u00bfSer\u00e1 verdad?<\/p>\n<!-- AddThis Advanced Settings generic via filter on the_content --><!-- AddThis Share Buttons generic via filter on the_content -->","protected":false},"excerpt":{"rendered":"<p>He visto en estos d\u00edas navide\u00f1os \u2018Los dos papas\u2019, una pel\u00edcula que quiz\u00e1s invita a la reflexi\u00f3n tanto o m\u00e1s que visitar nuestros tradicionales belenes. Inspirada en hechos reales y dirigida por Fernando Meirelles, recrea con gran verosimilitud una serie de encuentros y conversaciones en las que el papa Benedicto XVI, Joseph Ratzinger, y el [&hellip;]<!-- AddThis Advanced Settings generic via filter on get_the_excerpt --><!-- AddThis Share Buttons generic via filter on get_the_excerpt --><\/p>\n","protected":false},"author":13,"featured_media":0,"comment_status":"open","ping_status":"closed","sticky":false,"template":"","format":"standard","meta":[],"categories":[1],"tags":[1835,1838,1837,1836],"_links":{"self":[{"href":"https:\/\/blogs.hoy.es\/Juandomingofernandez\/wp-json\/wp\/v2\/posts\/1010"}],"collection":[{"href":"https:\/\/blogs.hoy.es\/Juandomingofernandez\/wp-json\/wp\/v2\/posts"}],"about":[{"href":"https:\/\/blogs.hoy.es\/Juandomingofernandez\/wp-json\/wp\/v2\/types\/post"}],"author":[{"embeddable":true,"href":"https:\/\/blogs.hoy.es\/Juandomingofernandez\/wp-json\/wp\/v2\/users\/13"}],"replies":[{"embeddable":true,"href":"https:\/\/blogs.hoy.es\/Juandomingofernandez\/wp-json\/wp\/v2\/comments?post=1010"}],"version-history":[{"count":1,"href":"https:\/\/blogs.hoy.es\/Juandomingofernandez\/wp-json\/wp\/v2\/posts\/1010\/revisions"}],"predecessor-version":[{"id":1011,"href":"https:\/\/blogs.hoy.es\/Juandomingofernandez\/wp-json\/wp\/v2\/posts\/1010\/revisions\/1011"}],"wp:attachment":[{"href":"https:\/\/blogs.hoy.es\/Juandomingofernandez\/wp-json\/wp\/v2\/media?parent=1010"}],"wp:term":[{"taxonomy":"category","embeddable":true,"href":"https:\/\/blogs.hoy.es\/Juandomingofernandez\/wp-json\/wp\/v2\/categories?post=1010"},{"taxonomy":"post_tag","embeddable":true,"href":"https:\/\/blogs.hoy.es\/Juandomingofernandez\/wp-json\/wp\/v2\/tags?post=1010"}],"curies":[{"name":"wp","href":"https:\/\/api.w.org\/{rel}","templated":true}]}}