{"id":1013,"date":"2020-01-02T10:15:47","date_gmt":"2020-01-02T09:15:47","guid":{"rendered":"http:\/\/blogs.hoy.es\/Juandomingofernandez\/?p=1013"},"modified":"2020-01-02T10:15:47","modified_gmt":"2020-01-02T09:15:47","slug":"secesionismo-aprovechado","status":"publish","type":"post","link":"https:\/\/blogs.hoy.es\/Juandomingofernandez\/2020\/01\/02\/secesionismo-aprovechado\/","title":{"rendered":"Secesionismo aprovechado"},"content":{"rendered":"<p>Si observo el panorama pol\u00edtico nacional que dibujan las redes sociales ahora mismo, me dan ganas de cerrar los ojos y echarme las manos a la cabeza. La crispaci\u00f3n sube como la leche hirviendo. No se trata de apocal\u00edpticos o integrados, de cr\u00e9dulos o pesimistas, sino de posturas cada d\u00eda m\u00e1s radicalizadas e irreconciliables. Acabamos de inaugurar el a\u00f1o 2020 y sin embargo, al asomarnos a las redes sociales parece que vivimos en los a\u00f1os treinta del siglo pasado. \u00ab\u00bfA qui\u00e9n va usted a creer, a m\u00ed o a sus propios ojos?\u00bb, que pregunta Groucho Marx. Cada quien sacar\u00e1 sus propias conclusiones. Adem\u00e1s de esa \u2018realidad\u2019 en la que centran el foco las redes sociales y algunos medios de comunicaci\u00f3n, existe otra no totalmente ajena a la primera, pero que no se percibe con aristas tan radicales, con perspectivas tan incendiarias. Es el d\u00eda a d\u00eda de una sociedad que no est\u00e1 sometida a la presi\u00f3n emocional que transita por Internet (\u00a1cu\u00e1ntos cerebros conectados de forma permanente a los chutes de propaganda, manipulaci\u00f3n y visceralidad que distribuyen imperceptiblemente las redes!). Un alba\u00f1al de manique\u00edsmo, blanco o negro, sin grises intermedios. Hace unas pocas horas, por ejemplo, he visto c\u00f3mo miles de personas de todas las edades corr\u00edan divertidas y entusiastas la San Silvestre de su ciudad. Calles llenas de luces, colorido y diversi\u00f3n. Puestos de comercio, familias enteras buscando los regalos de Reyes o tom\u00e1ndose las ca\u00f1as entre el bullicio propio de estas fechas. Nada que ver, desde luego, con ese \u2018apocalipsis\u2019 que algunos anticipan para nuestra realidad nacional. \u00ab\u00bfA qui\u00e9n va usted a creer, a m\u00ed o a sus propios ojos?\u00bb. Sin embargo, me digo en silencio, algo se mueve. Quiz\u00e1s no sean incompatibles \u2013ni falsas\u2013 ambas certidumbres. Ambas percepciones.<\/p>\n<p>Seg\u00fan Anatole France, \u00abse puede dudar de lo que se ve, pero no de las palabras de un hombre honrado\u00bb. La cuesti\u00f3n, trasplantada a nuestra realidad, ser\u00eda determinar si existen pol\u00edticos honrados y cre\u00edbles. \u00abPues Bruto es un hombre honrado\u00bb, apostilla Marco Antonio en el \u2018Julio C\u00e9sar\u2019 de Shakespeare. \u00bfHan sido honrados los pol\u00edticos que antepusieron su inter\u00e9s personal al de la naci\u00f3n? \u00bfY lo son los que anteponen el inter\u00e9s de su partido al de Espa\u00f1a? \u00bfSon honrados quienes, pudi\u00e9ndolo hacer, no evitan que se ataque a la Constituci\u00f3n de 1978? \u00bfY quienes se amparan en su legalidad para tratar de destruirla? \u00bfAlguien est\u00e1 dispuesto a \u2018inmolarse\u2019 pol\u00edticamente por defender ante todo el bien com\u00fan y la legalidad democr\u00e1tica que nos lo garantiza?<\/p>\n<p>Mi \u00fanico consuelo es que, aunque parezca parad\u00f3jico, Catalu\u00f1a siempre llevar\u00e1 las de perder, quiero decir la Catalu\u00f1a separatista, la que conmemora una derrota y consagra, precisamente, su primera \u2018tergiversaci\u00f3n\u2019 hist\u00f3rica. No hay peor enga\u00f1o que el que se sufre a destiempo, ya sea por anticiparse al momento oportuno o por hacerlo cuando ha pasado la oportunidad. La prueba de que el esp\u00edritu secesionista es artificioso y aprovechado, radica en su car\u00e1cter fijo discontinuo, seg\u00fan los intereses de quienes ganan avivando el fuego (ll\u00e1mese burgues\u00eda \u00e1vida de privilegios, nacionalismo depredador, carlistas de nuevo cu\u00f1o o izquierdistas desclasados de segunda generaci\u00f3n). Dec\u00eda Napole\u00f3n: \u00abEs m\u00e1s f\u00e1cil enga\u00f1ar que desenga\u00f1ar\u00bb. Basta observar la codicia del \u2018proc\u00e9s\u2019 para constatarlo.<\/p>\n<!-- AddThis Advanced Settings generic via filter on the_content --><!-- AddThis Share Buttons generic via filter on the_content -->","protected":false},"excerpt":{"rendered":"<p>Si observo el panorama pol\u00edtico nacional que dibujan las redes sociales ahora mismo, me dan ganas de cerrar los ojos y echarme las manos a la cabeza. La crispaci\u00f3n sube como la leche hirviendo. No se trata de apocal\u00edpticos o integrados, de cr\u00e9dulos o pesimistas, sino de posturas cada d\u00eda m\u00e1s radicalizadas e irreconciliables. Acabamos [&hellip;]<!-- AddThis Advanced Settings generic via filter on get_the_excerpt --><!-- AddThis Share Buttons generic via filter on get_the_excerpt --><\/p>\n","protected":false},"author":13,"featured_media":0,"comment_status":"open","ping_status":"closed","sticky":false,"template":"","format":"standard","meta":[],"categories":[1],"tags":[1508,1841,1840,205,1839,422,1087,1457,1183,1842],"_links":{"self":[{"href":"https:\/\/blogs.hoy.es\/Juandomingofernandez\/wp-json\/wp\/v2\/posts\/1013"}],"collection":[{"href":"https:\/\/blogs.hoy.es\/Juandomingofernandez\/wp-json\/wp\/v2\/posts"}],"about":[{"href":"https:\/\/blogs.hoy.es\/Juandomingofernandez\/wp-json\/wp\/v2\/types\/post"}],"author":[{"embeddable":true,"href":"https:\/\/blogs.hoy.es\/Juandomingofernandez\/wp-json\/wp\/v2\/users\/13"}],"replies":[{"embeddable":true,"href":"https:\/\/blogs.hoy.es\/Juandomingofernandez\/wp-json\/wp\/v2\/comments?post=1013"}],"version-history":[{"count":1,"href":"https:\/\/blogs.hoy.es\/Juandomingofernandez\/wp-json\/wp\/v2\/posts\/1013\/revisions"}],"predecessor-version":[{"id":1014,"href":"https:\/\/blogs.hoy.es\/Juandomingofernandez\/wp-json\/wp\/v2\/posts\/1013\/revisions\/1014"}],"wp:attachment":[{"href":"https:\/\/blogs.hoy.es\/Juandomingofernandez\/wp-json\/wp\/v2\/media?parent=1013"}],"wp:term":[{"taxonomy":"category","embeddable":true,"href":"https:\/\/blogs.hoy.es\/Juandomingofernandez\/wp-json\/wp\/v2\/categories?post=1013"},{"taxonomy":"post_tag","embeddable":true,"href":"https:\/\/blogs.hoy.es\/Juandomingofernandez\/wp-json\/wp\/v2\/tags?post=1013"}],"curies":[{"name":"wp","href":"https:\/\/api.w.org\/{rel}","templated":true}]}}