{"id":1024,"date":"2020-01-30T11:49:56","date_gmt":"2020-01-30T10:49:56","guid":{"rendered":"http:\/\/blogs.hoy.es\/Juandomingofernandez\/?p=1024"},"modified":"2020-01-30T11:49:56","modified_gmt":"2020-01-30T10:49:56","slug":"no-se-atraganten-con-los-sapos","status":"publish","type":"post","link":"https:\/\/blogs.hoy.es\/Juandomingofernandez\/2020\/01\/30\/no-se-atraganten-con-los-sapos\/","title":{"rendered":"No se atraganten con los sapos"},"content":{"rendered":"<p>Hace dos siglos el franc\u00e9s D\u2019Alambert, preeminente ilustrado y uno de los padre de la \u2018Enciclopedia\u2019, ya intuy\u00f3 que la guerra es el arte de destruir a los hombres mientras que la pol\u00edtica es el arte de enga\u00f1arlos. Para constatar que estaba en lo cierto basta mirar al \u2018brexit\u2019, hoy de estreno, al amenazador laberinto del \u2018proc\u00e9s\u2019 o al auge de los populismos y de las \u2018realidades\u2019 inventadas. Ahora no se necesitan m\u00e1s trincheras ni otras armas que algunas \u2018supersticiones\u2019 de la modernidad: el puro enga\u00f1o, la sobreexcitaci\u00f3n de las emociones y el recurso al olvido. El truco consiste en someter al ciudadano a una avalancha tan vertiginosa de est\u00edmulos que pasado ma\u00f1ana no recuerde siquiera lo que parec\u00eda relevante ayer. La estrategia de la distracci\u00f3n. Se\u00f1uelos y fogonazos para adormecer la memoria. Est\u00e1 claro que si la realidad pol\u00edtica \u2013pr\u00f3xima o lejana\u2013 se nos presenta todos los d\u00edas mediante \u2018chutes emocionales\u2019, nuestras respuestas pueden ser \u2018inducidas\u2019 y controladas, igual que los ratones en el laboratorio. La repetici\u00f3n de falsedades y mantras abonan el terreno para respuestas vinculadas a los sentimientos, a las estrategias manipuladoras, antes que al an\u00e1lisis y al fruto racional. Y a\u00fan m\u00e1s en sociedades polarizadas en las que el populismo (mejor, los diversos populismos) sobreviven pescando en el r\u00edo revuelto de la radicalidad. Un principio de aplicaci\u00f3n universal. Desde Trump al \u2018brexit\u2019; desde el nacionalismo supremacista en Espa\u00f1a, hasta los populismos de izquierda y de derecha en todo el mundo.<\/p>\n<p>Cu\u00e1nta raz\u00f3n tiene D\u2019Alambert. Al contrario de lo que ocurr\u00eda en siglos pasados, la destrucci\u00f3n del hombre no llegar\u00e1 mediante el hecho f\u00edsico de la guerra, sino a trav\u00e9s de los mecanismos intangibles del enga\u00f1o. El Reino Unido se despide de la Uni\u00f3n Europea sin m\u00e1s bombardeos que los de la mentira, la exageraci\u00f3n, el miedo, la demagogia y las falsas promesas de prosperidad.<\/p>\n<p>El despe\u00f1adero pol\u00edtico del \u2018proc\u00e9s\u2019 ser\u00eda impensable sin las \u00abenso\u00f1aciones\u00bb suscitadas por los dirigentes independentistas: sin las porf\u00edas tramposas respecto a que existe un \u00abderecho a decidir\u00bb, as\u00ed en abstracto, o que la democracia, tambi\u00e9n en abstracto, \u00abest\u00e1 por encima de la ley\u00bb, obviando no solo la falta de apoyo popular a sus tesis, sino el dato incuestionable de que todo el poder institucional que les respalda proviene precisamente de esa ley, la Constituci\u00f3n y el Estatut, contra la que enfrentaron hechos, decisiones jur\u00eddicas, no meras opiniones personales. Hechos tan \u2018democr\u00e1ticos\u2019 como ignorar a los representantes elegidos por m\u00e1s de la mitad de la ciudadan\u00eda de Catalu\u00f1a. El \u2018proc\u00e9s\u2019 consagra una especie de hipocres\u00eda tan incoherente como la del hombre que se carg\u00f3 a sus padres y luego ped\u00eda clemencia con el argumento de que era hu\u00e9rfano.<\/p>\n<p>Ahora parece que da igual ocho que ochenta. Tan es as\u00ed que \u00abEstos son mis principios. Si no le gustan, tengo otros\u00bb se ha convertido en la cita \u2018marxista\u2019 m\u00e1s socorrida para ilustrar la actualidad nacional. El paradigma de la contradicci\u00f3n permanente. Y del cinismo. Aunque tal vez no debamos ser muy severos en el juicio, pues incluso antes del resurgir populista era lugar com\u00fan otra verdad: \u00abLa pol\u00edtica implica tragarse sapos\u00bb. Supongo que sin atragantarse.<\/p>\n<!-- AddThis Advanced Settings generic via filter on the_content --><!-- AddThis Share Buttons generic via filter on the_content -->","protected":false},"excerpt":{"rendered":"<p>Hace dos siglos el franc\u00e9s D\u2019Alambert, preeminente ilustrado y uno de los padre de la \u2018Enciclopedia\u2019, ya intuy\u00f3 que la guerra es el arte de destruir a los hombres mientras que la pol\u00edtica es el arte de enga\u00f1arlos. Para constatar que estaba en lo cierto basta mirar al \u2018brexit\u2019, hoy de estreno, al amenazador laberinto [&hellip;]<!-- AddThis Advanced Settings generic via filter on get_the_excerpt --><!-- AddThis Share Buttons generic via filter on get_the_excerpt --><\/p>\n","protected":false},"author":13,"featured_media":0,"comment_status":"open","ping_status":"closed","sticky":false,"template":"","format":"standard","meta":[],"categories":[1],"tags":[1400,1853,1508,205,1851,422,618,1852,1024,1387],"_links":{"self":[{"href":"https:\/\/blogs.hoy.es\/Juandomingofernandez\/wp-json\/wp\/v2\/posts\/1024"}],"collection":[{"href":"https:\/\/blogs.hoy.es\/Juandomingofernandez\/wp-json\/wp\/v2\/posts"}],"about":[{"href":"https:\/\/blogs.hoy.es\/Juandomingofernandez\/wp-json\/wp\/v2\/types\/post"}],"author":[{"embeddable":true,"href":"https:\/\/blogs.hoy.es\/Juandomingofernandez\/wp-json\/wp\/v2\/users\/13"}],"replies":[{"embeddable":true,"href":"https:\/\/blogs.hoy.es\/Juandomingofernandez\/wp-json\/wp\/v2\/comments?post=1024"}],"version-history":[{"count":1,"href":"https:\/\/blogs.hoy.es\/Juandomingofernandez\/wp-json\/wp\/v2\/posts\/1024\/revisions"}],"predecessor-version":[{"id":1025,"href":"https:\/\/blogs.hoy.es\/Juandomingofernandez\/wp-json\/wp\/v2\/posts\/1024\/revisions\/1025"}],"wp:attachment":[{"href":"https:\/\/blogs.hoy.es\/Juandomingofernandez\/wp-json\/wp\/v2\/media?parent=1024"}],"wp:term":[{"taxonomy":"category","embeddable":true,"href":"https:\/\/blogs.hoy.es\/Juandomingofernandez\/wp-json\/wp\/v2\/categories?post=1024"},{"taxonomy":"post_tag","embeddable":true,"href":"https:\/\/blogs.hoy.es\/Juandomingofernandez\/wp-json\/wp\/v2\/tags?post=1024"}],"curies":[{"name":"wp","href":"https:\/\/api.w.org\/{rel}","templated":true}]}}