{"id":1026,"date":"2020-02-06T10:19:04","date_gmt":"2020-02-06T09:19:04","guid":{"rendered":"http:\/\/blogs.hoy.es\/Juandomingofernandez\/?p=1026"},"modified":"2020-02-06T10:19:04","modified_gmt":"2020-02-06T09:19:04","slug":"cuerda-y-el-canon","status":"publish","type":"post","link":"https:\/\/blogs.hoy.es\/Juandomingofernandez\/2020\/02\/06\/cuerda-y-el-canon\/","title":{"rendered":"Cuerda y el canon"},"content":{"rendered":"<p>Quiz\u00e1s no est\u00e9 todo perdido en Espa\u00f1a si la muerte de un director de cine y un escritor como Jos\u00e9 Luis Cuerda acaba convirti\u00e9ndose \u2018en tendencia\u2019 de Twitter, ese \u00f3scar fugaz de la modernidad digital. Creo que entre las pruebas m\u00e1s irrefutables del \u00e9xito de una pel\u00edcula est\u00e1 la cantidad de frases y de escenas que los espectadores evocan, e incluso memorizan, generaci\u00f3n tras generaci\u00f3n. Frases de pel\u00edculas de cualquier g\u00e9nero. Por ejemplo, desde: \u00ab\u00a1a Dios pongo por testigo que jam\u00e1s volver\u00e9 a pasar hambre!\u00bb, (\u2018Lo que el viento se llev\u00f3\u2019); \u00abSiempre nos quedar\u00e1 Par\u00eds\u00bb, (\u2018Casablanca\u2019); \u00abla parte contratante de la primera parte ser\u00e1 considerada\u2026\u00bb, (\u2018Una noche en la \u00f3pera\u2019), hasta el \u00abme llamo M\u00e1ximo D\u00e9cimo Meridio, comandante de los ej\u00e9rcitos del norte, general de las legiones F\u00e9lix\u2026\u00bb, de \u2018Gladiator\u2019. Seguro que cada lector podr\u00eda elaborar, con otros t\u00edtulos, su particular selecci\u00f3n. A m\u00ed me parece extraordinario, sin embargo, que miles de espectadores sean capaces de recordar, partidos de risa, innumerables episodios de \u2018Amanece que no es poco\u2019, esa pel\u00edcula a la que debe sucederle igual que, seg\u00fan los argentinos, le ocurre al \u00eddolo del tango: \u00abCada a\u00f1o que pasa, Gardel canta mejor\u00bb.<\/p>\n<p>Con motivo de la muerte de Cuerda, los peri\u00f3dicos y las redes sociales rescatan una exuberante cosecha de frases ingeniosas, enraizadas ya en la memoria colectiva: \u00ab\u00a1Alcalde, todos somos contingentes, pero t\u00fa eres necesario!\u00bb; \u00abYo es que he pensado que a m\u00ed tambi\u00e9n me gustar\u00eda ser intelectual, como no tengo nada que perder\u00bb; \u00ab\u00bfNo pod\u00eda usted haber plagiado a otro? \u00bfEs que no sabe que en este pueblo es verdadera devoci\u00f3n lo que hay por Faulkner?\u00bb; \u00abQueremos que la muchacha sea comunal\u00bb. -\u00ab\u00a1Y turgente!\u00bb, exclamaba un vecino -\u00ab\u00a1Que turgente ya es!\u00bb, le apostillaba otro.<\/p>\n<p>Yo creo que \u2018Amanece que no es poco\u2019 es una pel\u00edcula que fue creciendo hasta convertirse en legendaria, como esas obras que \u2013tal vez sin conocer el propio autor las razones \u00faltimas\u2013 enlazan con la sensibilidad caracter\u00edstica de su \u00e9poca. Con esa capacidad de transmitir y \u2018conectar\u2019, con ese paso adelante intuitivo que mostraron en su d\u00eda las piezas teatrales de Jardiel Poncela o \u2018La venganza de Don Mendo\u2019, de Mu\u00f1oz Seca. Esa fuerza conmovedora que recorre la poes\u00eda popular de Gabriel y Gal\u00e1n o la de Miguel Hern\u00e1ndez. Y el humor de Gila y el cine de Berlanga, pongamos por caso. La historia de la cultura est\u00e1 repleta de ejemplos.<\/p>\n<p>Por eso considero tambi\u00e9n muy acertadas las palabras de Christopher Dom\u00ednguez Michael en la revista \u2018Letras Libres\u2019 al recordar que George Steiner (fallecido el pasado lunes) nunca propuso un canon literario, al contrario que Harold Bloom, su disc\u00edpulo y rival, \u00abpues \u00e9ste, dec\u00eda, lo llevaba en el alma cada lector\u00bb. Ocurre que no han sido los cr\u00edticos, ni los estudiosos, ni los profesores quienes han convertido a \u2018Amanece que no es poco\u2019 en referencia \u2018can\u00f3nica\u2019, en obra cl\u00e1sica. Fueron los miles de espectadores que perciben en esa pel\u00edcula el valor de la comedia inteligente, su ternura, la iron\u00eda, el surrealismo, el humor absurdo y transgresor, lo irreverente, lo fantasioso, lo atrevido\u2026 El material con el que trabaja un esp\u00edritu inquieto, comprometido con su tiempo.<\/p>\n<!-- AddThis Advanced Settings generic via filter on the_content --><!-- AddThis Share Buttons generic via filter on the_content -->","protected":false},"excerpt":{"rendered":"<p>Quiz\u00e1s no est\u00e9 todo perdido en Espa\u00f1a si la muerte de un director de cine y un escritor como Jos\u00e9 Luis Cuerda acaba convirti\u00e9ndose \u2018en tendencia\u2019 de Twitter, ese \u00f3scar fugaz de la modernidad digital. Creo que entre las pruebas m\u00e1s irrefutables del \u00e9xito de una pel\u00edcula est\u00e1 la cantidad de frases y de escenas [&hellip;]<!-- AddThis Advanced Settings generic via filter on get_the_excerpt --><!-- AddThis Share Buttons generic via filter on get_the_excerpt --><\/p>\n","protected":false},"author":13,"featured_media":0,"comment_status":"open","ping_status":"closed","sticky":false,"template":"","format":"standard","meta":[],"categories":[1],"tags":[1855,1856,239,1857,1854,763],"_links":{"self":[{"href":"https:\/\/blogs.hoy.es\/Juandomingofernandez\/wp-json\/wp\/v2\/posts\/1026"}],"collection":[{"href":"https:\/\/blogs.hoy.es\/Juandomingofernandez\/wp-json\/wp\/v2\/posts"}],"about":[{"href":"https:\/\/blogs.hoy.es\/Juandomingofernandez\/wp-json\/wp\/v2\/types\/post"}],"author":[{"embeddable":true,"href":"https:\/\/blogs.hoy.es\/Juandomingofernandez\/wp-json\/wp\/v2\/users\/13"}],"replies":[{"embeddable":true,"href":"https:\/\/blogs.hoy.es\/Juandomingofernandez\/wp-json\/wp\/v2\/comments?post=1026"}],"version-history":[{"count":1,"href":"https:\/\/blogs.hoy.es\/Juandomingofernandez\/wp-json\/wp\/v2\/posts\/1026\/revisions"}],"predecessor-version":[{"id":1027,"href":"https:\/\/blogs.hoy.es\/Juandomingofernandez\/wp-json\/wp\/v2\/posts\/1026\/revisions\/1027"}],"wp:attachment":[{"href":"https:\/\/blogs.hoy.es\/Juandomingofernandez\/wp-json\/wp\/v2\/media?parent=1026"}],"wp:term":[{"taxonomy":"category","embeddable":true,"href":"https:\/\/blogs.hoy.es\/Juandomingofernandez\/wp-json\/wp\/v2\/categories?post=1026"},{"taxonomy":"post_tag","embeddable":true,"href":"https:\/\/blogs.hoy.es\/Juandomingofernandez\/wp-json\/wp\/v2\/tags?post=1026"}],"curies":[{"name":"wp","href":"https:\/\/api.w.org\/{rel}","templated":true}]}}