{"id":1042,"date":"2020-03-19T10:57:02","date_gmt":"2020-03-19T09:57:02","guid":{"rendered":"http:\/\/blogs.hoy.es\/Juandomingofernandez\/?p=1042"},"modified":"2020-03-19T10:57:02","modified_gmt":"2020-03-19T09:57:02","slug":"el-mejor-regalo","status":"publish","type":"post","link":"https:\/\/blogs.hoy.es\/Juandomingofernandez\/2020\/03\/19\/el-mejor-regalo\/","title":{"rendered":"El mejor regalo"},"content":{"rendered":"<p>Supongo que este 19 de marzo, D\u00eda del Padre, es el primero en que una contingencia planetaria, el maldito coronavirus, le roba la primogenitura a esa celebraci\u00f3n social. Al menos desde que dej\u00f3 en segundo plano su car\u00e1cter religioso \u2013San Jos\u00e9 artesano\u2013 en favor de aspectos tan esencialmente de mercado que fue considerada como \u00abun invento de El Corte Ingl\u00e9s\u00bb. Un fen\u00f3meno, la verdad, extensible a otros aniversarios sujetos a metamorfosis: D\u00eda de la Madre, D\u00eda de los Enamorados, donde el impulso primigenio termin\u00f3 colonizado por los h\u00e1bitos mercantilistas.<\/p>\n<p>Sin embargo, el hecho de que hoy no ocupe el primer caj\u00f3n del podio no significa que el COVID-19 le haya ganado la partida al D\u00eda del Padre. Durante mucho tiempo, por lo menos en mi caso, el D\u00eda del Padre equival\u00eda a corbata nueva, otras prendas de vestir, alguna pluma estilogr\u00e1fica y siempre, siempre, libros. Ahora en los buzones (digitales y anal\u00f3gicos) se agolpa la publicidad para el \u2018padre deportista\u2019, para el \u2018padre aventurero\u2019, para \u2018el padre cl\u00e1sico\u2019, para el \u2018padre de acci\u00f3n\u2019, para el \u2018padre cin\u00e9filo\u2019 o para el \u2018padre a la \u00faltima\u2019, al que reservan juegos con gafas de realidad virtual, asientos anat\u00f3micos, superpantallas y sonido envolvente. El para\u00edso de la tecnolog\u00eda.<\/p>\n<p>Es probable que esta situaci\u00f3n de excepcionalidad debida al coronavirus le haya birlado la portada, por decirlo as\u00ed, al D\u00eda del Padre, pero estoy convencido de que refuerza, al mismo tiempo, su condici\u00f3n de obsequio y reconocimiento especial. \u00bfQu\u00e9 mejor regalo que la compa\u00f1\u00eda y los juegos pueden ofrecer los hijos a los padres durante el confinamiento forzado por la pandemia? Dir\u00e1s mi buen Yorick que no todos los padres y madres pueden quedarse con sus hijos, aislados en casa, pues muchos tendr\u00e1n que salir todos los d\u00edas para ir a trabajar. Visto as\u00ed, no hay mal que por bien no venga. Lo uno por lo por otro. O como le dijo el ciego al Lazarillo mientras le curaba tras estrellarle el jarro de vino en la cara: \u00ab\u00bfQu\u00e9 te parece L\u00e1zaro? Lo que te enferma te sana y da salud\u00bb.<\/p>\n<p>Desde luego, el mejor regalo son la compa\u00f1\u00eda y los juegos, aunque en esta tradici\u00f3n\u00a0\u00a0 que se remonta por lo visto a mediados del siglo pasado, las manualidades en la etapa infantil siempre fueron \u2018joyas\u2019 imprescindibles. Unas manualidades que los ni\u00f1os y ni\u00f1as completaban durante el horario escolar casi siempre ayudados por las maestras.<\/p>\n<p>\u00bfHabr\u00e1 hoy tambi\u00e9n manualidades de regalo para los padres?<\/p>\n<p>Yo guardo a\u00fan algunos de los dibujos y dedicatorias que mis hijos elaboraron para felicitarme los 19 de marzo. Revisarlos ahora sigue conmovi\u00e9ndome. Pero no s\u00f3lo por la belleza o la originalidad de los mensajes, sino por la sinceridad de sus palabras: por que s\u00e9 que la vida nunca les ha desmentido aquellos regalos. Aunque eso s\u00ed, contin\u00fao rog\u00e1ndoles que no me colmaten el wasap con memes, v\u00eddeos y frusler\u00edas.<\/p>\n<p>&nbsp;<\/p>\n<!-- AddThis Advanced Settings generic via filter on the_content --><!-- AddThis Share Buttons generic via filter on the_content -->","protected":false},"excerpt":{"rendered":"<p>Supongo que este 19 de marzo, D\u00eda del Padre, es el primero en que una contingencia planetaria, el maldito coronavirus, le roba la primogenitura a esa celebraci\u00f3n social. Al menos desde que dej\u00f3 en segundo plano su car\u00e1cter religioso \u2013San Jos\u00e9 artesano\u2013 en favor de aspectos tan esencialmente de mercado que fue considerada como \u00abun [&hellip;]<!-- AddThis Advanced Settings generic via filter on get_the_excerpt --><!-- AddThis Share Buttons generic via filter on get_the_excerpt --><\/p>\n","protected":false},"author":13,"featured_media":0,"comment_status":"open","ping_status":"closed","sticky":false,"template":"","format":"standard","meta":[],"categories":[1],"tags":[1408,1869,1868],"_links":{"self":[{"href":"https:\/\/blogs.hoy.es\/Juandomingofernandez\/wp-json\/wp\/v2\/posts\/1042"}],"collection":[{"href":"https:\/\/blogs.hoy.es\/Juandomingofernandez\/wp-json\/wp\/v2\/posts"}],"about":[{"href":"https:\/\/blogs.hoy.es\/Juandomingofernandez\/wp-json\/wp\/v2\/types\/post"}],"author":[{"embeddable":true,"href":"https:\/\/blogs.hoy.es\/Juandomingofernandez\/wp-json\/wp\/v2\/users\/13"}],"replies":[{"embeddable":true,"href":"https:\/\/blogs.hoy.es\/Juandomingofernandez\/wp-json\/wp\/v2\/comments?post=1042"}],"version-history":[{"count":1,"href":"https:\/\/blogs.hoy.es\/Juandomingofernandez\/wp-json\/wp\/v2\/posts\/1042\/revisions"}],"predecessor-version":[{"id":1043,"href":"https:\/\/blogs.hoy.es\/Juandomingofernandez\/wp-json\/wp\/v2\/posts\/1042\/revisions\/1043"}],"wp:attachment":[{"href":"https:\/\/blogs.hoy.es\/Juandomingofernandez\/wp-json\/wp\/v2\/media?parent=1042"}],"wp:term":[{"taxonomy":"category","embeddable":true,"href":"https:\/\/blogs.hoy.es\/Juandomingofernandez\/wp-json\/wp\/v2\/categories?post=1042"},{"taxonomy":"post_tag","embeddable":true,"href":"https:\/\/blogs.hoy.es\/Juandomingofernandez\/wp-json\/wp\/v2\/tags?post=1042"}],"curies":[{"name":"wp","href":"https:\/\/api.w.org\/{rel}","templated":true}]}}