{"id":1045,"date":"2020-03-26T08:49:33","date_gmt":"2020-03-26T07:49:33","guid":{"rendered":"http:\/\/blogs.hoy.es\/Juandomingofernandez\/?p=1045"},"modified":"2020-03-26T08:49:33","modified_gmt":"2020-03-26T07:49:33","slug":"empatia","status":"publish","type":"post","link":"https:\/\/blogs.hoy.es\/Juandomingofernandez\/2020\/03\/26\/empatia\/","title":{"rendered":"Empat\u00eda"},"content":{"rendered":"<p>Si en el siglo XIV la epidemia de peste bub\u00f3nica hizo que Boccaccio escribiera \u2018El Decamer\u00f3n\u2019, el confinamiento forzado por el coronavirus est\u00e1 haciendo que brote en la prensa escrita, en radio y en redes sociales una polif\u00f3nica generaci\u00f3n de diaristas. Al contrario de lo que confiesa Manuel Vilas en Twitter: \u00abAhora que tengo todo el tiempo del mundo para escribir, lo que hago es esperar. Esperar el regreso de la vida\u00bb, esta nueva generaci\u00f3n no excava \u00fanicamente en la llamada \u2018literatura del yo\u2019, sino que explora lo cotidiano a trav\u00e9s de nuestra condici\u00f3n de seres sociales; es decir, en lo que cada hombre tiene de individuo, de ser \u00fanico, y a la vez de miembro de una comunidad. Gente que nos cuenta lo que le ocurre a \u00e9l no por tratarse de Fulano de Tal, sino porque\u00a0\u00a0 somos capaces de reconocernos en su relato, en su testimonio, en sus inquietudes. Gente, convencida de que ahora \u2013acaso m\u00e1s que nunca\u2013 las campanas doblan por todos nosotros.<\/p>\n<p>Diaristas que miran desde la ventana pero ven m\u00e1s all\u00e1 de lo que les alcanza la vista porque est\u00e1n mirando al interior de s\u00ed mismos. Es verdad que muchos de ellos llevan a\u00f1os ejercit\u00e1ndose en el oficio a trav\u00e9s de blogs y columnas en la prensa. Atr\u00e1s quedaron las \u00e9pocas en que \u2018llevar un diario\u2019 resultaba af\u00e1n de adolescente o de escritor profesional. Andr\u00e9s Trapiello, seguramente la voz m\u00e1s autorizada en materia \u2018diar\u00edstica\u2019, lo explica mejor que nadie en el pr\u00f3logo a \u2018Do fuir\u2019, el tomo 9 de su enciclop\u00e9dico \u2018Sal\u00f3n de pasos perdidos\u2019: \u00abel secreto de un diario \u00edntimo est\u00e1 en hablar con intimidad de todo menos de uno mismo. O bien al rev\u00e9s, hablar de uno mismo como si lo hiciera un pr\u00f3jimo\u00bb.<\/p>\n<p>Los textos de la nueva generaci\u00f3n de diaristas me parecen relevantes y \u2018enganchan\u2019 porque antes que a una sucesi\u00f3n de episodios inconexos y distantes nos derivan al escenario concreto del COVID-19, que a todos nos concierne. Sabemos que se trata de miradas personales, pero a un periodo de inter\u00e9s general. A un acontecimiento del que recordaremos detalles \u2013y sobre todo el esp\u00edritu\u2013 igual que sucede con esas fechas claves de la historia reciente cuando el relato gira en torno a d\u00f3nde te encontrabas el 23-F (los m\u00e1s mayores), el 11-M o c\u00f3mo recuerdas, por ejemplo, la ca\u00edda de las Torres Gemelas.<\/p>\n<p>Y enfoques multicolores. Desde quien describe la vida, a la fuerza rutinaria entre cuatro paredes, hasta quien parodia a \u2018la vieja del visillo\u2019 o elucubra sobre el futuro dist\u00f3pico que nos acecha. A m\u00ed los diarios que m\u00e1s me interesan son los dedicados a los h\u00e9roes de estos d\u00edas (empezando por los sanitarios) o a peripecias como las de ese sintecho de mi ciudad, ese Azar\u00edas callejero, que saluda siempre al paseante con la misma melopea: \u00abNo somos personas, solo somos \u00e1tomos\u00bb. \u00bfQu\u00e9 habr\u00e1 sido de \u00e9l?<\/p>\n<!-- AddThis Advanced Settings generic via filter on the_content --><!-- AddThis Share Buttons generic via filter on the_content -->","protected":false},"excerpt":{"rendered":"<p>Si en el siglo XIV la epidemia de peste bub\u00f3nica hizo que Boccaccio escribiera \u2018El Decamer\u00f3n\u2019, el confinamiento forzado por el coronavirus est\u00e1 haciendo que brote en la prensa escrita, en radio y en redes sociales una polif\u00f3nica generaci\u00f3n de diaristas. Al contrario de lo que confiesa Manuel Vilas en Twitter: \u00abAhora que tengo todo [&hellip;]<!-- AddThis Advanced Settings generic via filter on get_the_excerpt --><!-- AddThis Share Buttons generic via filter on get_the_excerpt --><\/p>\n","protected":false},"author":13,"featured_media":0,"comment_status":"open","ping_status":"closed","sticky":false,"template":"","format":"standard","meta":[],"categories":[1],"tags":[72,1869,1871,1870],"_links":{"self":[{"href":"https:\/\/blogs.hoy.es\/Juandomingofernandez\/wp-json\/wp\/v2\/posts\/1045"}],"collection":[{"href":"https:\/\/blogs.hoy.es\/Juandomingofernandez\/wp-json\/wp\/v2\/posts"}],"about":[{"href":"https:\/\/blogs.hoy.es\/Juandomingofernandez\/wp-json\/wp\/v2\/types\/post"}],"author":[{"embeddable":true,"href":"https:\/\/blogs.hoy.es\/Juandomingofernandez\/wp-json\/wp\/v2\/users\/13"}],"replies":[{"embeddable":true,"href":"https:\/\/blogs.hoy.es\/Juandomingofernandez\/wp-json\/wp\/v2\/comments?post=1045"}],"version-history":[{"count":1,"href":"https:\/\/blogs.hoy.es\/Juandomingofernandez\/wp-json\/wp\/v2\/posts\/1045\/revisions"}],"predecessor-version":[{"id":1046,"href":"https:\/\/blogs.hoy.es\/Juandomingofernandez\/wp-json\/wp\/v2\/posts\/1045\/revisions\/1046"}],"wp:attachment":[{"href":"https:\/\/blogs.hoy.es\/Juandomingofernandez\/wp-json\/wp\/v2\/media?parent=1045"}],"wp:term":[{"taxonomy":"category","embeddable":true,"href":"https:\/\/blogs.hoy.es\/Juandomingofernandez\/wp-json\/wp\/v2\/categories?post=1045"},{"taxonomy":"post_tag","embeddable":true,"href":"https:\/\/blogs.hoy.es\/Juandomingofernandez\/wp-json\/wp\/v2\/tags?post=1045"}],"curies":[{"name":"wp","href":"https:\/\/api.w.org\/{rel}","templated":true}]}}