{"id":105,"date":"2008-07-22T01:05:36","date_gmt":"2008-07-22T01:05:36","guid":{"rendered":"http:\/\/blogs.hoy.es\/Juandomingofernandez\/?p=105"},"modified":"2008-07-22T01:05:36","modified_gmt":"2008-07-22T01:05:36","slug":"la-matraca","status":"publish","type":"post","link":"https:\/\/blogs.hoy.es\/Juandomingofernandez\/2008\/07\/22\/la-matraca\/","title":{"rendered":"La matraca"},"content":{"rendered":"<p><strong>No hablar\u00e9 de la crisis, a pesar de que es dif\u00edcil navegar por la prensa sin que nos sacudan sus olas: desde la ignominia de las balanzas fiscales hasta la subida del petr\u00f3leo o el riesgo de las hipotecas dispar\u00e1ndose como el mercurio en verano. Casi todos los peri\u00f3dicos han recogido tambi\u00e9n estos d\u00edas la noticia de un colega brit\u00e1nico que revela la supuesta identidad del misterioso artista urbano y grafitero Banksy. Ya saben, ese genio del grafiti que pinta en muros desconchados y an\u00f3nimos la imagen de una asistenta dom\u00e9stica con delantal y cofia &#8216;levantando&#8217; la faldilla de la pared para recoger la suciedad; al Che, gesticulante y ufano luciendo una camiseta con su imagen &#8216;legendaria&#8217; o a un artista bohemio, con pajarita, polainas, paleta y caja de pintura dando los \u00faltimos retoques a un inmenso grafiti que representa en realidad la firma del propio Banksy. (Esa obra, pintada en un muro ahora protegido por una plancha de metracrilato, alcanz\u00f3 la cifra de 275.000 euros en una reciente subasta en Internet). Dec\u00eda que no pienso hablar de la crisis ni tampoco de las obras de Banksy, aunque me parece extraordinaria la actitud del grafitero. Mientras en pol\u00edtica lo habitual es que nos &#8216;vendan&#8217; las realizaciones por entregas, en sucesivas comparecencias p\u00fablicas (\u00bfcu\u00e1ntas ruedas de prensa para obras, proyectos, programas y promesas?) Banksy va a lo positivo y hace su trabajo sin importarle la foto. \u2018Ah\u00ed est\u00e1 la obra, que es lo que importa\u2019, podr\u00eda ser su lema. Yo sue\u00f1o con el d\u00eda en que las &#8216;realizaciones&#8217; pol\u00edticas salgan solamente dos veces en la prensa: en su anuncio oficial y en la foto de la inauguraci\u00f3n. Mientras tanto, habr\u00eda que emular a Banksy: a por el trabajo con efectividad y sin dar la matraca.<\/strong><strong><\/strong><big><\/big><\/p>\n<!-- AddThis Advanced Settings generic via filter on the_content --><!-- AddThis Share Buttons generic via filter on the_content -->","protected":false},"excerpt":{"rendered":"<p>No hablar\u00e9 de la crisis, a pesar de que es dif\u00edcil navegar por la prensa sin que nos sacudan sus olas: desde la ignominia de las balanzas fiscales hasta la subida del petr\u00f3leo o el riesgo de las hipotecas dispar\u00e1ndose como el mercurio en verano. Casi todos los peri\u00f3dicos han recogido tambi\u00e9n estos d\u00edas la [&hellip;]<!-- AddThis Advanced Settings generic via filter on get_the_excerpt --><!-- AddThis Share Buttons generic via filter on get_the_excerpt --><\/p>\n","protected":false},"author":13,"featured_media":0,"comment_status":"open","ping_status":"closed","sticky":false,"template":"","format":"standard","meta":[],"categories":[1],"tags":[134],"_links":{"self":[{"href":"https:\/\/blogs.hoy.es\/Juandomingofernandez\/wp-json\/wp\/v2\/posts\/105"}],"collection":[{"href":"https:\/\/blogs.hoy.es\/Juandomingofernandez\/wp-json\/wp\/v2\/posts"}],"about":[{"href":"https:\/\/blogs.hoy.es\/Juandomingofernandez\/wp-json\/wp\/v2\/types\/post"}],"author":[{"embeddable":true,"href":"https:\/\/blogs.hoy.es\/Juandomingofernandez\/wp-json\/wp\/v2\/users\/13"}],"replies":[{"embeddable":true,"href":"https:\/\/blogs.hoy.es\/Juandomingofernandez\/wp-json\/wp\/v2\/comments?post=105"}],"version-history":[{"count":0,"href":"https:\/\/blogs.hoy.es\/Juandomingofernandez\/wp-json\/wp\/v2\/posts\/105\/revisions"}],"wp:attachment":[{"href":"https:\/\/blogs.hoy.es\/Juandomingofernandez\/wp-json\/wp\/v2\/media?parent=105"}],"wp:term":[{"taxonomy":"category","embeddable":true,"href":"https:\/\/blogs.hoy.es\/Juandomingofernandez\/wp-json\/wp\/v2\/categories?post=105"},{"taxonomy":"post_tag","embeddable":true,"href":"https:\/\/blogs.hoy.es\/Juandomingofernandez\/wp-json\/wp\/v2\/tags?post=105"}],"curies":[{"name":"wp","href":"https:\/\/api.w.org\/{rel}","templated":true}]}}