{"id":1052,"date":"2020-04-16T09:47:38","date_gmt":"2020-04-16T08:47:38","guid":{"rendered":"http:\/\/blogs.hoy.es\/Juandomingofernandez\/?p=1052"},"modified":"2020-04-16T09:47:38","modified_gmt":"2020-04-16T08:47:38","slug":"adios-a-la-globalizacion","status":"publish","type":"post","link":"https:\/\/blogs.hoy.es\/Juandomingofernandez\/2020\/04\/16\/adios-a-la-globalizacion\/","title":{"rendered":"\u00bfAdi\u00f3s a la globalizaci\u00f3n?"},"content":{"rendered":"<p>\u00bfEN qu\u00e9 fase estamos? Cuando pienso en mis seres queridos, en la fase de preocupaci\u00f3n inmediata, como todos. Desconozco si se denomina t\u00e9cnicamente fase de contenci\u00f3n, de estabilizaci\u00f3n, de detecci\u00f3n precoz&#8230; Pero s\u00e9 que escampar\u00e1. Alguna otra vez he dicho que procuro no perderme en el bosque de las cifras impersonales. Prefiero atender las reflexiones de quien posee formaci\u00f3n y talento para elucubrar sobre c\u00f3mo debe ser la sociedad posCOVID-19, es decir, acerca de si hemos aprendido la lecci\u00f3n.<\/p>\n<p>En la entrevista que el escritor Nuccio Ordine hace al fil\u00f3sofo Edgar Morin, el pasado domingo en &#8216;El Pa\u00eds&#8217;, ambos pensadores est\u00e1n de acuerdo en que la globalizaci\u00f3n ha favorecido el desarrollo de los mercados y de las tecnolog\u00edas, pero no de la fraternidad, de la solidaridad entre los pa\u00edses. \u00abLa pseudo-Europa de los banqueros y los tecn\u00f3cratas ha masacrado los aut\u00e9nticos ideales europeos, cancelando cada impulso hacia una conciencia unitaria. Cada pa\u00eds est\u00e1 gestionando la pandemia de manera independiente\u00bb. Morin se muestra tambi\u00e9n muy cr\u00edtico con las repercusiones negativas del capitalismo, al que atribuye haber desatado \u00ablos grandes problemas del planeta: el deterioro de la bioesfera, la crisis de la democracia, el aumento de las desigualdades, la proliferaci\u00f3n de los armamentos, los autoritarismos demag\u00f3gicos\u00bb.<\/p>\n<p>Y expresa otro convencimiento, ineludible, sobre la sanidad: \u00abNo hay duda de que la sanidad tenga que ser p\u00fablica y universal. En Europa, hemos sido v\u00edctimas de las directivas neoliberales a favor de una reducci\u00f3n de los servicios p\u00fablicos. Programar la gesti\u00f3n de los hospitales como empresas significa concebir a los pacientes como mercanc\u00edas\u00bb. Basta pensar en los Estados Unidos de Trump, frente al modelo de Obama, para sentir pavor \u2013echando la vista lejos\u2013 aunque en Espa\u00f1a algunos pol\u00edticos ataron tambi\u00e9n a los perros con longanizas. Hay casos paradigm\u00e1ticos.<\/p>\n<p>Visto as\u00ed, parecer\u00eda que la primera ense\u00f1anza del COVID-19 es que la globalizaci\u00f3n tiene las horas contadas. Que retornaremos a modelos casi rurales, como los auspiciados por el feudalismo tras la ca\u00edda del imperio romano. Nada m\u00e1s lejos de la realidad. Sospecho que la globalizaci\u00f3n ha venido para quedarse. \u00bfPara quedarse tal y como la conocemos? Desde luego que no. El historiador Yuval Noah Harari, autor de libros como &#8216;Sapiens&#8217; y &#8216;Homo Deus y 21 lecciones para el siglo XXI&#8217;, confesaba en &#8216;XL Semanal&#8217; que no tiene sentido culpar a la globalizaci\u00f3n de la pandemia. \u00abDesglobalizar el mundo solo nos proteger\u00eda si volvi\u00e9ramos a vivir como en la Edad de Piedra, sin ciudades, sin agricultura. \u00bfPero hay alguien que quiera esa vida?\u00bb, se pregunta. Es verdad que ahora los virus viajan m\u00e1s r\u00e1pidos, pero el mundo por suerte est\u00e1 mejor protegido.<\/p>\n<p>La clave hay que buscarla en otras circunstancias. \u00abLevantar muros, limitar el turismo y el comercio, solo sirve a corto plazo. A largo plazo, el aislacionismo lleva al colapso de nuestro sistema. El remedio contra el coronavirus\u00bb, concluye Harari, \u00abno es separarse, sino mantenerse unidos\u00bb. \u00bfEstamos a tiempo?<\/p>\n<!-- AddThis Advanced Settings generic via filter on the_content --><!-- AddThis Share Buttons generic via filter on the_content -->","protected":false},"excerpt":{"rendered":"<p>\u00bfEN qu\u00e9 fase estamos? Cuando pienso en mis seres queridos, en la fase de preocupaci\u00f3n inmediata, como todos. Desconozco si se denomina t\u00e9cnicamente fase de contenci\u00f3n, de estabilizaci\u00f3n, de detecci\u00f3n precoz&#8230; Pero s\u00e9 que escampar\u00e1. Alguna otra vez he dicho que procuro no perderme en el bosque de las cifras impersonales. Prefiero atender las reflexiones [&hellip;]<!-- AddThis Advanced Settings generic via filter on get_the_excerpt --><!-- AddThis Share Buttons generic via filter on get_the_excerpt --><\/p>\n","protected":false},"author":13,"featured_media":0,"comment_status":"open","ping_status":"closed","sticky":false,"template":"","format":"standard","meta":[],"categories":[1],"tags":[1869,1878,422,448,1538,1865,1015,1558],"_links":{"self":[{"href":"https:\/\/blogs.hoy.es\/Juandomingofernandez\/wp-json\/wp\/v2\/posts\/1052"}],"collection":[{"href":"https:\/\/blogs.hoy.es\/Juandomingofernandez\/wp-json\/wp\/v2\/posts"}],"about":[{"href":"https:\/\/blogs.hoy.es\/Juandomingofernandez\/wp-json\/wp\/v2\/types\/post"}],"author":[{"embeddable":true,"href":"https:\/\/blogs.hoy.es\/Juandomingofernandez\/wp-json\/wp\/v2\/users\/13"}],"replies":[{"embeddable":true,"href":"https:\/\/blogs.hoy.es\/Juandomingofernandez\/wp-json\/wp\/v2\/comments?post=1052"}],"version-history":[{"count":1,"href":"https:\/\/blogs.hoy.es\/Juandomingofernandez\/wp-json\/wp\/v2\/posts\/1052\/revisions"}],"predecessor-version":[{"id":1053,"href":"https:\/\/blogs.hoy.es\/Juandomingofernandez\/wp-json\/wp\/v2\/posts\/1052\/revisions\/1053"}],"wp:attachment":[{"href":"https:\/\/blogs.hoy.es\/Juandomingofernandez\/wp-json\/wp\/v2\/media?parent=1052"}],"wp:term":[{"taxonomy":"category","embeddable":true,"href":"https:\/\/blogs.hoy.es\/Juandomingofernandez\/wp-json\/wp\/v2\/categories?post=1052"},{"taxonomy":"post_tag","embeddable":true,"href":"https:\/\/blogs.hoy.es\/Juandomingofernandez\/wp-json\/wp\/v2\/tags?post=1052"}],"curies":[{"name":"wp","href":"https:\/\/api.w.org\/{rel}","templated":true}]}}