{"id":1057,"date":"2020-05-07T08:31:44","date_gmt":"2020-05-07T07:31:44","guid":{"rendered":"http:\/\/blogs.hoy.es\/Juandomingofernandez\/?p=1057"},"modified":"2020-05-07T08:31:44","modified_gmt":"2020-05-07T07:31:44","slug":"hallazgos","status":"publish","type":"post","link":"https:\/\/blogs.hoy.es\/Juandomingofernandez\/2020\/05\/07\/hallazgos\/","title":{"rendered":"Hallazgos"},"content":{"rendered":"<p>Leo una entrevista, tipo cuestionario de Proust, en la que le preguntan al personaje por alg\u00fan libro que haya robado. \u00c9l contesta que nunca rob\u00f3 un libro, aunque no devolvi\u00f3 el que le prest\u00f3 su directora de tesis y todav\u00eda mantiene consigo, a pesar de \u00abla mala conciencia que eso conlleva\u00bb. Yo lo que m\u00e1s recuerdo, sin embargo, son los libros que no me devuelven. \u00bfD\u00f3nde estar\u00e1 aquel ejemplar de \u2018Cien a\u00f1os de soledad\u2019 que le\u00ed y subray\u00e9 incr\u00e9dulo y maravillado? \u00bfD\u00f3nde \u2018Los galgos verdugos\u2019 de Corpus Barga? \u00bfEn d\u00f3nde acab\u00f3 \u2018Nueve cartas a Berta\u2019, guion con fotogramas de la pel\u00edcula de Basilio Mart\u00edn Patino? Igual que sucede a esas personas a las que les sigue doliendo, pasado el tiempo, la extremidad amputada, a m\u00ed me asalta puntualmente el recuerdo de todos esos libros que a\u00f1oro, lo mismo que el padre al hijo pr\u00f3digo.<\/p>\n<p>Yo me llev\u00e9 una vez un libro al descuido, pero creo que demostr\u00e9 ser mejor lector antes que mal hurtador porque en la p\u00e1gina de cortes\u00eda del ejemplar dej\u00e9 escrita a rotulador la confesi\u00f3n del delito: \u00abNoche de farra con T. y M.A.E. Madrid, madrugada del 26 de mayo de 1977. Debe constar que este libro, tasado en 150 pelas, fue \u2018distra\u00eddo\u2019 \u2013con gran placer, obvio es decirlo\u2013 en las dependencias de una multinacional hostelera de la capital de Espa\u00f1a\u00bb. Trastada de juventud. En fin, me parece que la falta ha prescrito y adem\u00e1s en ese mismo local dej\u00e9 durante numerosas noches las suficientes \u2018plusval\u00edas\u2019 como para dar por compensada la deuda. No obstante, cada vez que observo el libro en la biblioteca siento el bald\u00f3n de su origen y, como se\u00f1ala el entrevistado del principio, \u00abla mala conciencia que eso conlleva\u00bb. Lo uno por lo otro.<\/p>\n<p>Nunca coloqu\u00e9 en mi biblioteca ese cartelito tan popular que reproduce la pena de excomuni\u00f3n con que se castigaba el robo de libros en la biblioteca de la Universidad de Salamanca. Tal vez si lo hubiera expuesto, ahora no echar\u00eda de menos algunos vol\u00famenes. Por otro lado, qu\u00e9 m\u00e1s da. Que no te devuelvan libros probablemente es una manera bien apropiada de ir adelgazando los estantes y que otros hagan a domicilio el donoso escrutinio que a ti te costar\u00eda tiempo y dudas sempiternas.<\/p>\n<p>Si pongo en una balanza lo que me duele haber perdido libros y lo que me alegra haber descubierto otros, pesa m\u00e1s el segundo platillo. A\u00fan recuerdo la emoci\u00f3n casi incontenible al descubrir en la Cuesta Moyano \u2018El viaje sentimental por Francia e Italia\u2019, con pr\u00f3logo de Alfonso Reyes, en la Colecci\u00f3n Universal, de 1919, (\u00a1por solo 25 pesetas de los a\u00f1os setenta!) o la misma obra de Sterne, con pr\u00f3logo de Salazar Chapela, de Ibero-Americana de Publicaciones, que descubr\u00ed en la madrile\u00f1a Librer\u00eda Puga. El valor de esos hallazgos se perder\u00e1 como l\u00e1grimas en la lluvia y bla, bla, bla, por mucho que ya orbitemos en la galaxia digital.<\/p>\n<!-- AddThis Advanced Settings generic via filter on the_content --><!-- AddThis Share Buttons generic via filter on the_content -->","protected":false},"excerpt":{"rendered":"<p>Leo una entrevista, tipo cuestionario de Proust, en la que le preguntan al personaje por alg\u00fan libro que haya robado. \u00c9l contesta que nunca rob\u00f3 un libro, aunque no devolvi\u00f3 el que le prest\u00f3 su directora de tesis y todav\u00eda mantiene consigo, a pesar de \u00abla mala conciencia que eso conlleva\u00bb. Yo lo que m\u00e1s [&hellip;]<!-- AddThis Advanced Settings generic via filter on get_the_excerpt --><!-- AddThis Share Buttons generic via filter on get_the_excerpt --><\/p>\n","protected":false},"author":13,"featured_media":0,"comment_status":"open","ping_status":"closed","sticky":false,"template":"","format":"standard","meta":[],"categories":[1],"tags":[142,1879,736,758,763],"_links":{"self":[{"href":"https:\/\/blogs.hoy.es\/Juandomingofernandez\/wp-json\/wp\/v2\/posts\/1057"}],"collection":[{"href":"https:\/\/blogs.hoy.es\/Juandomingofernandez\/wp-json\/wp\/v2\/posts"}],"about":[{"href":"https:\/\/blogs.hoy.es\/Juandomingofernandez\/wp-json\/wp\/v2\/types\/post"}],"author":[{"embeddable":true,"href":"https:\/\/blogs.hoy.es\/Juandomingofernandez\/wp-json\/wp\/v2\/users\/13"}],"replies":[{"embeddable":true,"href":"https:\/\/blogs.hoy.es\/Juandomingofernandez\/wp-json\/wp\/v2\/comments?post=1057"}],"version-history":[{"count":1,"href":"https:\/\/blogs.hoy.es\/Juandomingofernandez\/wp-json\/wp\/v2\/posts\/1057\/revisions"}],"predecessor-version":[{"id":1058,"href":"https:\/\/blogs.hoy.es\/Juandomingofernandez\/wp-json\/wp\/v2\/posts\/1057\/revisions\/1058"}],"wp:attachment":[{"href":"https:\/\/blogs.hoy.es\/Juandomingofernandez\/wp-json\/wp\/v2\/media?parent=1057"}],"wp:term":[{"taxonomy":"category","embeddable":true,"href":"https:\/\/blogs.hoy.es\/Juandomingofernandez\/wp-json\/wp\/v2\/categories?post=1057"},{"taxonomy":"post_tag","embeddable":true,"href":"https:\/\/blogs.hoy.es\/Juandomingofernandez\/wp-json\/wp\/v2\/tags?post=1057"}],"curies":[{"name":"wp","href":"https:\/\/api.w.org\/{rel}","templated":true}]}}