{"id":106,"date":"2008-07-29T00:25:12","date_gmt":"2008-07-29T00:25:12","guid":{"rendered":"http:\/\/blogs.hoy.es\/Juandomingofernandez\/?p=106"},"modified":"2008-07-29T00:25:12","modified_gmt":"2008-07-29T00:25:12","slug":"serpientes-verano","status":"publish","type":"post","link":"https:\/\/blogs.hoy.es\/Juandomingofernandez\/2008\/07\/29\/serpientes-verano\/","title":{"rendered":"Serpientes de verano"},"content":{"rendered":"<p><big>Supongo que algunos lectores creen a pies juntillas (por cierto, \u00bfde d\u00f3nde proceder\u00e1 la expresi\u00f3n \u2018a pies juntillas\u2019?) en la existencia de las serpientes de verano, esas noticias que alargan sus d\u00edas en el secarral period\u00edstico del calor y las vacaciones. Dispuesto como Tartar\u00edn de Tarasc\u00f3n a cazar el le\u00f3n, me echo a la selva informativa por ver si me topo con la famosa serpiente. \u00bfAcaso lo sea la reconciliaci\u00f3n entre el Rey y Ch\u00e1vez despu\u00e9s del \u00bfpor qu\u00e9 no te callas? y el apaciguador intercambio de regalos? \u00bfSer\u00e1 la serpiente el juicio que le aguarda al nacionalista \u00e9tnico Radovan Karadzic, ahora con esa barba de viejo mani\u00e1tico que ha sido su mejor disfraz? \u00bfO tal vez la serpiente de verano acabar\u00e1n siendo los pr\u00f3ximos 30 ahorcados en Ir\u00e1n por diversos delitos? Las posibilidades son interminables. \u00bfY si en el \u00e1mbito extreme\u00f1o la serpiente de verano fuera la ubicaci\u00f3n de las estaciones del AVE o, \u2013m\u00e1s complicado a\u00fan\u2013, la ubicaci\u00f3n definitiva del primer Ikea en la regi\u00f3n? Desisto de cazar ese le\u00f3n. Que lo cace Tartar\u00edn. Para m\u00ed la noticia del verano ha sido un suceso estremecedor que lleva d\u00edas emboscado en mi memoria: la muerte de un ni\u00f1o de dos a\u00f1os tras permanecer varias horas encerrado en un coche mientras su padre realizaba unas gestiones. Dios me libre de juzgar al padre. O a esos otros dos progenitores que tambi\u00e9n se olvidaron la pasada semana en Francia de una ni\u00f1a de tres a\u00f1os y de un ni\u00f1o de dos a\u00f1os y medio que murieron tras pasar el d\u00eda en el interior de los veh\u00edculos familiares aparcados al sol. S\u00f3lo me pregunto qu\u00e9 vida llevamos, qu\u00e9 estr\u00e9s nos atenaza para sufrir la maldici\u00f3n de estos olvidos mortales.<\/big><strong><\/strong><\/p>\n<!-- AddThis Advanced Settings generic via filter on the_content --><!-- AddThis Share Buttons generic via filter on the_content -->","protected":false},"excerpt":{"rendered":"<p>Supongo que algunos lectores creen a pies juntillas (por cierto, \u00bfde d\u00f3nde proceder\u00e1 la expresi\u00f3n \u2018a pies juntillas\u2019?) en la existencia de las serpientes de verano, esas noticias que alargan sus d\u00edas en el secarral period\u00edstico del calor y las vacaciones. Dispuesto como Tartar\u00edn de Tarasc\u00f3n a cazar el le\u00f3n, me echo a la selva [&hellip;]<!-- AddThis Advanced Settings generic via filter on get_the_excerpt --><!-- AddThis Share Buttons generic via filter on get_the_excerpt --><\/p>\n","protected":false},"author":13,"featured_media":0,"comment_status":"open","ping_status":"closed","sticky":false,"template":"","format":"standard","meta":[],"categories":[1],"tags":[1222],"_links":{"self":[{"href":"https:\/\/blogs.hoy.es\/Juandomingofernandez\/wp-json\/wp\/v2\/posts\/106"}],"collection":[{"href":"https:\/\/blogs.hoy.es\/Juandomingofernandez\/wp-json\/wp\/v2\/posts"}],"about":[{"href":"https:\/\/blogs.hoy.es\/Juandomingofernandez\/wp-json\/wp\/v2\/types\/post"}],"author":[{"embeddable":true,"href":"https:\/\/blogs.hoy.es\/Juandomingofernandez\/wp-json\/wp\/v2\/users\/13"}],"replies":[{"embeddable":true,"href":"https:\/\/blogs.hoy.es\/Juandomingofernandez\/wp-json\/wp\/v2\/comments?post=106"}],"version-history":[{"count":0,"href":"https:\/\/blogs.hoy.es\/Juandomingofernandez\/wp-json\/wp\/v2\/posts\/106\/revisions"}],"wp:attachment":[{"href":"https:\/\/blogs.hoy.es\/Juandomingofernandez\/wp-json\/wp\/v2\/media?parent=106"}],"wp:term":[{"taxonomy":"category","embeddable":true,"href":"https:\/\/blogs.hoy.es\/Juandomingofernandez\/wp-json\/wp\/v2\/categories?post=106"},{"taxonomy":"post_tag","embeddable":true,"href":"https:\/\/blogs.hoy.es\/Juandomingofernandez\/wp-json\/wp\/v2\/tags?post=106"}],"curies":[{"name":"wp","href":"https:\/\/api.w.org\/{rel}","templated":true}]}}