{"id":1064,"date":"2020-05-21T08:20:32","date_gmt":"2020-05-21T07:20:32","guid":{"rendered":"http:\/\/blogs.hoy.es\/Juandomingofernandez\/?p=1064"},"modified":"2020-05-21T08:20:32","modified_gmt":"2020-05-21T07:20:32","slug":"pues-que-me-gusto","status":"publish","type":"post","link":"https:\/\/blogs.hoy.es\/Juandomingofernandez\/2020\/05\/21\/pues-que-me-gusto\/","title":{"rendered":"Pues que me gust\u00f3&#8230;"},"content":{"rendered":"<p>Durante el oto\u00f1o de 1981 yo pas\u00e9 un par de semanas en M\u00e9xico, D.F. con el mejor y m\u00e1s divertido \u2018cicerone\u2019 que pude so\u00f1ar jam\u00e1s: el director de cine Jaime Casillas (1936-2008), un personaje de inteligencia locuaz y cordialidad apasionada y divertida. Creo que me refer\u00ed a \u00e9l en otra ocasi\u00f3n con motivo de las visitas al bar librer\u00eda \u2018El Parnaso\u2019 de Coyoac\u00e1n. Hoy me viene a la memoria su figura por una an\u00e9cdota que ilustra claramente la cuesti\u00f3n de la que quiero hablar. En bastantes de los desplazamientos por la capital mexicana y alrededores era Jaime quien conduc\u00eda su propio coche. Pero aquellos d\u00edas viajamos tambi\u00e9n con otro mexicano, Carlos, que hac\u00eda las veces de conductor. Despu\u00e9s de una intensa jornada en la que desayunamos y comimos todos juntos, por la tarde noche nos dirig\u00edamos al hotel en el que me alojaba. Carlos aceptaba sin inmutarse los \u2018Ducados\u2019 \u2013que eran los cigarrillos que yo llevaba de Espa\u00f1a\u2013 hasta el extremo de que Jaime Casillas, mosqueado y en parte avergonzado porque el conductor nunca ofrec\u00eda tabaco ni le hab\u00edamos visto fumar otro que no fuera el m\u00edo, le pregunta:<\/p>\n<p>\u2013Carlos, \u00bfusted qu\u00e9 fuma?<\/p>\n<p>\u2013Marlboro, \u2013responde \u00e9l.<\/p>\n<p>\u2013\u00bfY c\u00f3mo fuma este, que es como un insecticida? \u2013insiste Jaime.<\/p>\n<p>\u2013Pues que me gust\u00f3\u2026<\/p>\n<p>Compartir ha sido siempre un verbo de prestigio. Acaso porque compartir es sin\u00f3nimo de generosidad y figura grabado en el ADN de aquellos antepasados remotos que sobrevivieron \u2013uniendo esfuerzos\u2013 en la noche de los tiempos. Desde una perspectiva m\u00e1s prosaica, sin embargo, hay quien se niega a conjugar el verbo compartir en la primera persona del singular del presente de indicativo. Son esos a los que popularmente tachamos de taca\u00f1os. \u00ab\u2018Doy tabaco a todos los que veo\u2019 y cerraba los ojos\u00bb, era la forma humor\u00edstica de caricaturizar a tales espec\u00edmenes cuando el h\u00e1bito del tabaco ten\u00eda un componente social similar al de tomar ca\u00f1as con los amigos e invitar a la ronda que te toque. No ir de gorr\u00f3n, no beber de ga\u00f1ote.<\/p>\n<p>M\u00e1s all\u00e1 de las bondades o defectos de algunos productos a \u2018compartir\u2019, a m\u00ed lo que me resulta inquietante ahora (en plena apoteosis de los nacionalismos) es la falta de compromiso, el ego\u00edsmo radical que se percibe actualmente en Espa\u00f1a. Ese ir cada uno a las suyas, dando por hecho que a m\u00ed \u00fanicamente me corresponde aprovechar lo que ofrezcan otros, pero guardando a buen recaudo lo m\u00edo para m\u00ed. \u00abPues que me gust\u00f3\u00bb, sin m\u00e1s, que dir\u00eda el tal Carlos. Me preocupa la taca\u00f1er\u00eda \u2013econ\u00f3mica y espiritual\u2013 de quienes se sienten c\u00f3modos con su \u2018pol\u00edtica de campanario\u2019 (grande o chico, de extrema izquierda o de extrema derecha), ignorando a la vez que en este barco navegamos todos. La generosidad aqu\u00ed, siguiendo con la an\u00e9cdota de los cigarrillos, consiste en compartir con desinter\u00e9s nuestro propio tabaco, no que el conjunto de los espa\u00f1oles fume forzosamente los de una marca.<\/p>\n<!-- AddThis Advanced Settings generic via filter on the_content --><!-- AddThis Share Buttons generic via filter on the_content -->","protected":false},"excerpt":{"rendered":"<p>Durante el oto\u00f1o de 1981 yo pas\u00e9 un par de semanas en M\u00e9xico, D.F. con el mejor y m\u00e1s divertido \u2018cicerone\u2019 que pude so\u00f1ar jam\u00e1s: el director de cine Jaime Casillas (1936-2008), un personaje de inteligencia locuaz y cordialidad apasionada y divertida. Creo que me refer\u00ed a \u00e9l en otra ocasi\u00f3n con motivo de las [&hellip;]<!-- AddThis Advanced Settings generic via filter on get_the_excerpt --><!-- AddThis Share Buttons generic via filter on get_the_excerpt --><\/p>\n","protected":false},"author":13,"featured_media":0,"comment_status":"open","ping_status":"closed","sticky":false,"template":"","format":"standard","meta":[],"categories":[1],"tags":[261,319,422,1882,1883],"_links":{"self":[{"href":"https:\/\/blogs.hoy.es\/Juandomingofernandez\/wp-json\/wp\/v2\/posts\/1064"}],"collection":[{"href":"https:\/\/blogs.hoy.es\/Juandomingofernandez\/wp-json\/wp\/v2\/posts"}],"about":[{"href":"https:\/\/blogs.hoy.es\/Juandomingofernandez\/wp-json\/wp\/v2\/types\/post"}],"author":[{"embeddable":true,"href":"https:\/\/blogs.hoy.es\/Juandomingofernandez\/wp-json\/wp\/v2\/users\/13"}],"replies":[{"embeddable":true,"href":"https:\/\/blogs.hoy.es\/Juandomingofernandez\/wp-json\/wp\/v2\/comments?post=1064"}],"version-history":[{"count":1,"href":"https:\/\/blogs.hoy.es\/Juandomingofernandez\/wp-json\/wp\/v2\/posts\/1064\/revisions"}],"predecessor-version":[{"id":1065,"href":"https:\/\/blogs.hoy.es\/Juandomingofernandez\/wp-json\/wp\/v2\/posts\/1064\/revisions\/1065"}],"wp:attachment":[{"href":"https:\/\/blogs.hoy.es\/Juandomingofernandez\/wp-json\/wp\/v2\/media?parent=1064"}],"wp:term":[{"taxonomy":"category","embeddable":true,"href":"https:\/\/blogs.hoy.es\/Juandomingofernandez\/wp-json\/wp\/v2\/categories?post=1064"},{"taxonomy":"post_tag","embeddable":true,"href":"https:\/\/blogs.hoy.es\/Juandomingofernandez\/wp-json\/wp\/v2\/tags?post=1064"}],"curies":[{"name":"wp","href":"https:\/\/api.w.org\/{rel}","templated":true}]}}