{"id":1066,"date":"2020-05-28T08:10:40","date_gmt":"2020-05-28T07:10:40","guid":{"rendered":"http:\/\/blogs.hoy.es\/Juandomingofernandez\/?p=1066"},"modified":"2020-05-28T08:10:40","modified_gmt":"2020-05-28T07:10:40","slug":"por-la-calle","status":"publish","type":"post","link":"https:\/\/blogs.hoy.es\/Juandomingofernandez\/2020\/05\/28\/por-la-calle\/","title":{"rendered":"Por la calle"},"content":{"rendered":"<p>Salgo a la calle y percibo que la gente, poco a poco, va cogi\u00e9ndole el punto a esa normalidad sin adjetivos que consiste en saludar a los conocidos, par\u00e1ndose a charlar, aunque sea brevemente, con amigos y allegados. Es cierto que en la mayor\u00eda de las ocasiones se trata de hilvanar unas pocas frases protocolarias, deudoras antes de la cortes\u00eda o la urbanidad que de otros sentimientos. Esos cumplidos que abarcan desde el gesto de enarcar las cejas con leve sonrisa, hasta el adem\u00e1n de saludar con la mano y un apresurado \u00ab\u00a1hasta luego!\u00bb. Hola y adi\u00f3s.<\/p>\n<p>Estos d\u00edas el asunto insoslayable en las conversaciones de los reencuentros es la pandemia o, dicho de otro modo, el coronavirus, la Covid-19, el \u2018maldito bicho\u2019 o su consecuencia fatal: ese \u2018confitamiento\u2019 (hallazgo del genio de la lengua) que suena proteicamente a mortificaci\u00f3n y hartura.<\/p>\n<p>Durante los primeros escarceos en semilibertad descubro que muchos interiorizamos la necesidad de guardar las distancias y nos plantamos frente a nuestro interlocutor, sustituyendo el instintivo apret\u00f3n de manos por un choque de codos artificioso que a m\u00ed no acaba de convencerme. Impera el deseo absoluto de saludar a cualquier conocido que nos sale al paso. Como si quisi\u00e9ramos redoblar nuestra condici\u00f3n de seres sociales por naturaleza y levantar la mano para advertir: \u00abSeguimos aqu\u00ed, de momento lo contamos\u00bb. Un ajetreo de liberados, un ir y venir de paseantes que me devuelve a los a\u00f1os de la preadolescencia cuando alguna vez, acompa\u00f1ando a mi padre \u2013ajeno a las prisas que me acuciaban\u2013 le reproch\u00e9 su car\u00e1cter en exceso comunicativo y cordial: \u00abNo hay manera de pasear contigo, te enganchas como una zarza y te paras a hablar con todos los que te saludan\u00bb. Genio y figura.<\/p>\n<p>Hace bastante calor en la calle. Saludo al encargado de un bar, pr\u00f3ximo a mi casa, que ech\u00f3 el cierre en el mes de marzo y sigue con las mesas y las sillas apiladas a la puerta: \u00ab\u00bfPara cu\u00e1ndo abr\u00eds?\u00bb, le pregunto. \u00abNo lo s\u00e9, el bicho (por su jefe) dice que ahora no, que m\u00e1s adelante\u00bb. Unos cuantos metros m\u00e1s all\u00e1, distingo al gran Lorenzo Cordero, fot\u00f3grafo y compa\u00f1ero de HOY durante treinta a\u00f1os, apostado con la c\u00e1mara junto a un paso de peatones. Intento esquivar el objetivo, confiado en que el mar de mascarillas ayude al camuflaje. Ni por esas. \u00abNo te escapas\u00bb, me dice sonriendo, \u00abese pelo es inconfundible\u00bb. Otro viejo amigo me reconoce e intercambiamos saludos. Se despide con su pizca de humor: \u00abTodos estupendamente, y adem\u00e1s en casita, sin gastar los billetes\u00bb, dice con ese gesto caracter\u00edstico de frotarse los dedos \u00edndice y pulgar.<\/p>\n<p>\u00ab\u00bfQu\u00e9 tal va todo?\u00bb, pregunto a uno de esos trabajadores imprescindibles que limpia a diario, con el carro y el cepillo, las calles de la ciudad. \u00c9l levanta la vista y sonr\u00ede: \u00ab\u00a1Uf, cuando haga 40 grados, con las mascarillas puestas, vamos a caer como \u2018gurriatinos\u2019!\u00bb.<\/p>\n<!-- AddThis Advanced Settings generic via filter on the_content --><!-- AddThis Share Buttons generic via filter on the_content -->","protected":false},"excerpt":{"rendered":"<p>Salgo a la calle y percibo que la gente, poco a poco, va cogi\u00e9ndole el punto a esa normalidad sin adjetivos que consiste en saludar a los conocidos, par\u00e1ndose a charlar, aunque sea brevemente, con amigos y allegados. Es cierto que en la mayor\u00eda de las ocasiones se trata de hilvanar unas pocas frases protocolarias, [&hellip;]<!-- AddThis Advanced Settings generic via filter on get_the_excerpt --><!-- AddThis Share Buttons generic via filter on get_the_excerpt --><\/p>\n","protected":false},"author":13,"featured_media":0,"comment_status":"open","ping_status":"closed","sticky":false,"template":"","format":"standard","meta":[],"categories":[1],"tags":[179,1872,1869,422],"_links":{"self":[{"href":"https:\/\/blogs.hoy.es\/Juandomingofernandez\/wp-json\/wp\/v2\/posts\/1066"}],"collection":[{"href":"https:\/\/blogs.hoy.es\/Juandomingofernandez\/wp-json\/wp\/v2\/posts"}],"about":[{"href":"https:\/\/blogs.hoy.es\/Juandomingofernandez\/wp-json\/wp\/v2\/types\/post"}],"author":[{"embeddable":true,"href":"https:\/\/blogs.hoy.es\/Juandomingofernandez\/wp-json\/wp\/v2\/users\/13"}],"replies":[{"embeddable":true,"href":"https:\/\/blogs.hoy.es\/Juandomingofernandez\/wp-json\/wp\/v2\/comments?post=1066"}],"version-history":[{"count":1,"href":"https:\/\/blogs.hoy.es\/Juandomingofernandez\/wp-json\/wp\/v2\/posts\/1066\/revisions"}],"predecessor-version":[{"id":1067,"href":"https:\/\/blogs.hoy.es\/Juandomingofernandez\/wp-json\/wp\/v2\/posts\/1066\/revisions\/1067"}],"wp:attachment":[{"href":"https:\/\/blogs.hoy.es\/Juandomingofernandez\/wp-json\/wp\/v2\/media?parent=1066"}],"wp:term":[{"taxonomy":"category","embeddable":true,"href":"https:\/\/blogs.hoy.es\/Juandomingofernandez\/wp-json\/wp\/v2\/categories?post=1066"},{"taxonomy":"post_tag","embeddable":true,"href":"https:\/\/blogs.hoy.es\/Juandomingofernandez\/wp-json\/wp\/v2\/tags?post=1066"}],"curies":[{"name":"wp","href":"https:\/\/api.w.org\/{rel}","templated":true}]}}