{"id":107,"date":"2008-08-07T22:15:39","date_gmt":"2008-08-07T22:15:39","guid":{"rendered":"http:\/\/blogs.hoy.es\/Juandomingofernandez\/?p=107"},"modified":"2008-08-07T22:15:39","modified_gmt":"2008-08-07T22:15:39","slug":"testimonio","status":"publish","type":"post","link":"https:\/\/blogs.hoy.es\/Juandomingofernandez\/2008\/08\/07\/testimonio\/","title":{"rendered":"Testimonio"},"content":{"rendered":"\n<p class=\"MsoNormal\"><strong>De los tres ya no queda vivo ninguno. El \u00faltimo en morir ha sido Solzhenitsin. Los otros dos tambi\u00e9n eran escritores. El dibujo deb\u00ed de hacerlo en 1973 o 1974. Yo era por entonces adem\u00e1s de joven, feliz e indocumentado, un lector voraz y algo ca\u00f3tico. Quiero decir que no le hac\u00eda ascos a ning\u00fan g\u00e9nero, autor o \u00e9poca. Ni al dibujo ni a la pintura. Y ah\u00ed est\u00e1n los tres: Lezama Lima, Alexander Solzhenitsin y Samuel Beckett. Solo el cubano autor de &#8216;Paradiso&#8217; no obtuvo (otra injusticia, como la de Bo<\/strong><strong><\/strong><strong>rges, y al paso que vamos, como la de Delibes) el premio Nobel de Literatura\u2026 Observo de nuevo el dibujo de esos tres escritores tan distintos entre s\u00ed porque acaba de morir el \u00faltimo de ellos, el ruso Solzhenitsin. Antes de que cierta &#8216;izquierda&#8217; lo convirtiera en un &#8216;contrarrevolucionario&#8217; o mal compa\u00f1ero de viaje (todav\u00eda recuerdo, por ejemplo, la feroz diatriba de Juan Benet en la entonces televisi\u00f3n \u00fanica), Alexander Solzhenitsin nos alert\u00f3 y dio testimonio sobre los estragos de una de las utop\u00edas totalitarias del siglo XX con obras como &#8216;Un d\u00eda en la vida de Ivan Denisovich&#8217;, &#8216;Todo sea por la causa&#8217;, &#8216;El primer c\u00edrculo&#8217; y el descomunal &#8216;Archipi\u00e9lago Gulag&#8217;. Parece de otra \u00e9poca. Y surgen las preguntas. \u00bfC\u00f3mo es posible que conviviera con nosotros la maldad &#8216;inhumana&#8217;? Pero ha ocurrido m\u00e1s veces. En Alemania, en los Balcanes&#8230; Adem\u00e1s de escritor, es una met\u00e1fora. Lo que me pregunto ahora es \u00bfqui\u00e9n ser\u00e1 el Solzhenitsin de estos a\u00f1os, de esta sociedad que se lav\u00f3 las manos o mir\u00f3 para otro lado ante el exterminio de centenares de v\u00edctimas del terrorismo? Si lo saben, av\u00edsenme, le debo otro dibujo.<\/strong><IMG src=\"\/Juandomingofernandez\/wp-content\/uploads\/sites\/11\" id=\"img_0\" class=\"imgcen\"><strong><\/strong><\/p>\n<!-- AddThis Advanced Settings generic via filter on the_content --><!-- AddThis Share Buttons generic via filter on the_content -->","protected":false},"excerpt":{"rendered":"<p>De los tres ya no queda vivo ninguno. El \u00faltimo en morir ha sido Solzhenitsin. Los otros dos tambi\u00e9n eran escritores. El dibujo deb\u00ed de hacerlo en 1973 o 1974. Yo era por entonces adem\u00e1s de joven, feliz e indocumentado, un lector voraz y algo ca\u00f3tico. Quiero decir que no le hac\u00eda ascos a ning\u00fan [&hellip;]<!-- AddThis Advanced Settings generic via filter on get_the_excerpt --><!-- AddThis Share Buttons generic via filter on get_the_excerpt --><\/p>\n","protected":false},"author":13,"featured_media":0,"comment_status":"open","ping_status":"closed","sticky":false,"template":"","format":"standard","meta":[],"categories":[1],"tags":[1209,1325],"_links":{"self":[{"href":"https:\/\/blogs.hoy.es\/Juandomingofernandez\/wp-json\/wp\/v2\/posts\/107"}],"collection":[{"href":"https:\/\/blogs.hoy.es\/Juandomingofernandez\/wp-json\/wp\/v2\/posts"}],"about":[{"href":"https:\/\/blogs.hoy.es\/Juandomingofernandez\/wp-json\/wp\/v2\/types\/post"}],"author":[{"embeddable":true,"href":"https:\/\/blogs.hoy.es\/Juandomingofernandez\/wp-json\/wp\/v2\/users\/13"}],"replies":[{"embeddable":true,"href":"https:\/\/blogs.hoy.es\/Juandomingofernandez\/wp-json\/wp\/v2\/comments?post=107"}],"version-history":[{"count":0,"href":"https:\/\/blogs.hoy.es\/Juandomingofernandez\/wp-json\/wp\/v2\/posts\/107\/revisions"}],"wp:attachment":[{"href":"https:\/\/blogs.hoy.es\/Juandomingofernandez\/wp-json\/wp\/v2\/media?parent=107"}],"wp:term":[{"taxonomy":"category","embeddable":true,"href":"https:\/\/blogs.hoy.es\/Juandomingofernandez\/wp-json\/wp\/v2\/categories?post=107"},{"taxonomy":"post_tag","embeddable":true,"href":"https:\/\/blogs.hoy.es\/Juandomingofernandez\/wp-json\/wp\/v2\/tags?post=107"}],"curies":[{"name":"wp","href":"https:\/\/api.w.org\/{rel}","templated":true}]}}