{"id":1073,"date":"2020-06-11T08:24:02","date_gmt":"2020-06-11T07:24:02","guid":{"rendered":"http:\/\/blogs.hoy.es\/Juandomingofernandez\/?p=1073"},"modified":"2020-06-11T08:24:02","modified_gmt":"2020-06-11T07:24:02","slug":"los-anticuerpos-del-valor","status":"publish","type":"post","link":"https:\/\/blogs.hoy.es\/Juandomingofernandez\/2020\/06\/11\/los-anticuerpos-del-valor\/","title":{"rendered":"Los anticuerpos del valor"},"content":{"rendered":"<p>Pregunto por un amigo al que no veo desde hace tiempo. En el bar que ambos frecuentamos, reabierto en la fase 3, me aclaran que ha pasado por all\u00ed esta misma ma\u00f1ana. Y que ha cogido \u2013como la mayor\u00eda\u2013 algunos kilitos\u2026 \u00abVamos, que est\u00e1 gordo como un tej\u00f3n\u00bb, resumo. Tras la barra aportan m\u00e1s detalles. \u00abEs que no camina, no anda nada. Yo ya se lo he dicho: \u2018Tienes c\u00e1ncer, pero no te han cortado las piernas\u2019, debes darte a diario una buena caminata por la Ronda Norte o por el sitio que te apetezca\u00bb. La verdad es que mi amigo est\u00e1 pendiente de otra intervenci\u00f3n quir\u00fargica (ese tipo de cirug\u00edas pospuestas ante las \u2018urgencias\u2019 de la pandemia) aunque, seg\u00fan entiendo, tal circunstancia no le impide obligarse a un programa regular de ejercicio f\u00edsico y puesta en forma\u2026 Mi amigo goza de un notable sentido del humor, tan excelso, parad\u00f3jicamente, como su \u2018derrotismo\u2019: para \u00e9l no hay males mayores que los suyos, ah\u00ed nadie le gana.<\/p>\n<p>Qu\u00e9 distinta la actitud, pienso para m\u00ed, de Lola Dorado, la psic\u00f3loga fundadora de la Asociaci\u00f3n ELA Extremadura, a quien entrevistaba A. Gilgado el pasado martes en las p\u00e1ginas de HOY. Diagnosticada desde hace una d\u00e9cada de esclerosis lateral amiotr\u00f3fica (ELA), en aquel momento le dieron tres a\u00f1os de vida. Su posici\u00f3n frente a los problemas de salud y el car\u00e1cter optimista se resume en unas pocas frases que resuenan a sabidur\u00eda intemporal: \u00abLas defensas bajan cuando uno est\u00e1 angustiado. No hay que vivir con miedo. No tenemos derecho a perdernos la vida\u00bb. \u00abSoy una disfrutona, cuando me levanto y desayuno pienso, \u00a1qu\u00e9 privilegio!, \u00bfsabes cu\u00e1nta gente con ELA no puede masticar\u00bb. \u00abNo s\u00e9 qu\u00e9 tiempo voy a vivir, pero que me quiten lo bailado\u00bb.<\/p>\n<p>Entiendo que ante los peligros haya que mantener, socialmente, actitudes precavidas. M\u00e1s a\u00fan ante enemigos \u2018abstractos\u2019 o invisibles como los que ahora causan pandemias devastadoras. El miedo a lo desconocido. Pero una cosa es la precauci\u00f3n, la prudencia, el cuidado, la cautela, y otra muy distinta el miedo paralizante e infructuoso. El miedo que enajena, que se apodera de nosotros y determina no solo nuestras emociones, sino nuestra voluntad. En \u2018Blade Runner\u2019 se lo recuerda el replicante Roy Batty a Rick Deckard, a punto de precipitarse al vac\u00edo: \u00abEs toda una experiencia vivir con miedo \u00bfverdad? Eso es lo que significa ser esclavo\u00bb.<\/p>\n<p>Desde ni\u00f1os nos ense\u00f1an que hay que sobreponerse al miedo. Es necesario para crecer, en todos los sentidos. Por eso mismo, \u2018temerle\u2019 al miedo, ser consciente del riesgo, de los peligros, constituyen acaso los primeros anticuerpos de la valent\u00eda. De la voluntad de avanzar. Sin miedo no existir\u00eda la superaci\u00f3n. Igual que ocurre con la luz y la sombra; o con las aves, que precisan de la resistencia del aire para volar. En fin, s\u00e9 de un magn\u00edfico itinerario donde mi amigo podr\u00e1 dar sus caminatas en la nueva normalidad.<\/p>\n<!-- AddThis Advanced Settings generic via filter on the_content --><!-- AddThis Share Buttons generic via filter on the_content -->","protected":false},"excerpt":{"rendered":"<p>Pregunto por un amigo al que no veo desde hace tiempo. En el bar que ambos frecuentamos, reabierto en la fase 3, me aclaran que ha pasado por all\u00ed esta misma ma\u00f1ana. Y que ha cogido \u2013como la mayor\u00eda\u2013 algunos kilitos\u2026 \u00abVamos, que est\u00e1 gordo como un tej\u00f3n\u00bb, resumo. Tras la barra aportan m\u00e1s detalles. [&hellip;]<!-- AddThis Advanced Settings generic via filter on get_the_excerpt --><!-- AddThis Share Buttons generic via filter on get_the_excerpt --><\/p>\n","protected":false},"author":13,"featured_media":0,"comment_status":"open","ping_status":"closed","sticky":false,"template":"","format":"standard","meta":[],"categories":[1],"tags":[1885,1888,1887,402,1886],"_links":{"self":[{"href":"https:\/\/blogs.hoy.es\/Juandomingofernandez\/wp-json\/wp\/v2\/posts\/1073"}],"collection":[{"href":"https:\/\/blogs.hoy.es\/Juandomingofernandez\/wp-json\/wp\/v2\/posts"}],"about":[{"href":"https:\/\/blogs.hoy.es\/Juandomingofernandez\/wp-json\/wp\/v2\/types\/post"}],"author":[{"embeddable":true,"href":"https:\/\/blogs.hoy.es\/Juandomingofernandez\/wp-json\/wp\/v2\/users\/13"}],"replies":[{"embeddable":true,"href":"https:\/\/blogs.hoy.es\/Juandomingofernandez\/wp-json\/wp\/v2\/comments?post=1073"}],"version-history":[{"count":1,"href":"https:\/\/blogs.hoy.es\/Juandomingofernandez\/wp-json\/wp\/v2\/posts\/1073\/revisions"}],"predecessor-version":[{"id":1074,"href":"https:\/\/blogs.hoy.es\/Juandomingofernandez\/wp-json\/wp\/v2\/posts\/1073\/revisions\/1074"}],"wp:attachment":[{"href":"https:\/\/blogs.hoy.es\/Juandomingofernandez\/wp-json\/wp\/v2\/media?parent=1073"}],"wp:term":[{"taxonomy":"category","embeddable":true,"href":"https:\/\/blogs.hoy.es\/Juandomingofernandez\/wp-json\/wp\/v2\/categories?post=1073"},{"taxonomy":"post_tag","embeddable":true,"href":"https:\/\/blogs.hoy.es\/Juandomingofernandez\/wp-json\/wp\/v2\/tags?post=1073"}],"curies":[{"name":"wp","href":"https:\/\/api.w.org\/{rel}","templated":true}]}}