{"id":1078,"date":"2020-06-25T07:58:18","date_gmt":"2020-06-25T06:58:18","guid":{"rendered":"http:\/\/blogs.hoy.es\/Juandomingofernandez\/?p=1078"},"modified":"2020-06-25T07:58:18","modified_gmt":"2020-06-25T06:58:18","slug":"diego-bardon","status":"publish","type":"post","link":"https:\/\/blogs.hoy.es\/Juandomingofernandez\/2020\/06\/25\/diego-bardon\/","title":{"rendered":"Diego Bard\u00f3n"},"content":{"rendered":"<p>El viernes estuve desayunando en Badajoz con Diego Bard\u00f3n, que suele compartir tertulia en esa ciudad con Antonio Barquilla y otros amigos. Creo que llevaba sin verle desde el a\u00f1o 2009, cuando le entrevist\u00e9 en HOY para mi secci\u00f3n Zona de Paso. Pero est\u00e1 igual: enjuto, sonriente y perspicaz. Bard\u00f3n en carne y hueso. Ha cambiado su abrigo Loden (en C\u00e1ceres hac\u00eda fr\u00edo aquel mes de febrero) por una camisa a cuadros y una faja negra que acent\u00faa su delgadez. Todo fibra y con deportivas azules, es capaz de tocar el suelo con las palmas de la mano sin doblar las rodillas. En la terraza despierta expectaci\u00f3n al hablar, y cuando Paco Zambrano, Villafaina, Barquilla o yo mismo le preguntamos por alg\u00fan detalle de hace tiempo, por alguna an\u00e9cdota, quienes est\u00e1n alrededor alzan la vista y prestan atenci\u00f3n igual que si escucharan al or\u00e1culo.<\/p>\n<p>Aquella amplia entrevista arrancaba (perd\u00f3n por la autocita) con estas palabras: \u00abHa hecho de su vida una obra de arte. Y una aventura con ribetes novelescos. Si en Extremadura se escribe alg\u00fan d\u00eda la historia de los \u2018nuevos heterodoxos\u2019, raros, o personajes fuera de lo com\u00fan, Diego Bard\u00f3n ocupar\u00e1 m\u00e1s de un cap\u00edtulo. Como un guerrillero de la inteligencia, lleva m\u00e1s de cuarenta a\u00f1os levantando pol\u00e9micas con sus intervenciones en el mundo del arte, de los toros, del periodismo y hasta del deporte. Y sigue siendo un esp\u00edritu libre, dif\u00edcil de controlar\u00bb. Me parece que esos juicios se mantienen vigentes. Torero, periodista, corredor de marat\u00f3n y miembro del grupo P\u00e1nico, tampoco reniega de nada de lo expresado en aquella conversaci\u00f3n de hace once a\u00f1os: \u00abNo quiero dinero institucional, lo dejo para los intelectuales org\u00e1nicos\u00bb. \u00abNunca me proyect\u00e9 en nada para permanecer\u00bb.<\/p>\n<p>Nacido en Fuente del Maestre en 1941, Diego Bard\u00f3n tore\u00f3 con melena suelta, con dos muletas y una tarde hasta abandon\u00f3 el ruedo a la par que el toro porque se lanz\u00f3 en plancha sobre el morlaco cuando lo arrastraban las mulillas&#8230; Amigo de Fernando Arrabal, Topor y Alejandro Jodorowsky, que lo declararon \u2018torero p\u00e1nico\u2019 y componente de ese movimiento art\u00edstico emparentado con el surrealismo, Bard\u00f3n figura en la enciclopedia Coss\u00edo del toreo antes de convertirse en el apoderado de Luis Reina (primer diestro que luci\u00f3 publicidad en el traje de luces) o de \u2018inventarse\u2019 la corrida flamenca, con Camar\u00f3n cant\u00e1ndole a Curro Romero y Jos\u00e9 Merc\u00e9 a Rafael de Paula.<\/p>\n<p>Antonio Barquilla, que es uno de los periodistas que mejor conocen y que viaja durante el a\u00f1o con Bard\u00f3n para ver corridas de toros, lleva tiempo intentando convencerle<\/p>\n<p>\u2013infructuosamente\u2013 de que escriba unas memorias o que acepte una biograf\u00eda. Algunos no perdemos la esperanza. Est\u00e1 agradable la ma\u00f1ana en Badajoz. Unos aficionados reconocen a Diego y le paran por la calle: \u00ab\u00a1Maestro!\u00bb. Y al dirigirse a \u00e9l \u00fanicamente con esa palabra me recuerda el mismo tono reverencial con que se la dec\u00eda B\u00fafalo a Juncal.<\/p>\n<!-- AddThis Advanced Settings generic via filter on the_content --><!-- AddThis Share Buttons generic via filter on the_content -->","protected":false},"excerpt":{"rendered":"<p>El viernes estuve desayunando en Badajoz con Diego Bard\u00f3n, que suele compartir tertulia en esa ciudad con Antonio Barquilla y otros amigos. Creo que llevaba sin verle desde el a\u00f1o 2009, cuando le entrevist\u00e9 en HOY para mi secci\u00f3n Zona de Paso. Pero est\u00e1 igual: enjuto, sonriente y perspicaz. Bard\u00f3n en carne y hueso. Ha [&hellip;]<!-- AddThis Advanced Settings generic via filter on get_the_excerpt --><!-- AddThis Share Buttons generic via filter on get_the_excerpt --><\/p>\n","protected":false},"author":13,"featured_media":0,"comment_status":"open","ping_status":"closed","sticky":false,"template":"","format":"standard","meta":[],"categories":[1],"tags":[126,456,1891,1890,1771,1892,1269],"_links":{"self":[{"href":"https:\/\/blogs.hoy.es\/Juandomingofernandez\/wp-json\/wp\/v2\/posts\/1078"}],"collection":[{"href":"https:\/\/blogs.hoy.es\/Juandomingofernandez\/wp-json\/wp\/v2\/posts"}],"about":[{"href":"https:\/\/blogs.hoy.es\/Juandomingofernandez\/wp-json\/wp\/v2\/types\/post"}],"author":[{"embeddable":true,"href":"https:\/\/blogs.hoy.es\/Juandomingofernandez\/wp-json\/wp\/v2\/users\/13"}],"replies":[{"embeddable":true,"href":"https:\/\/blogs.hoy.es\/Juandomingofernandez\/wp-json\/wp\/v2\/comments?post=1078"}],"version-history":[{"count":1,"href":"https:\/\/blogs.hoy.es\/Juandomingofernandez\/wp-json\/wp\/v2\/posts\/1078\/revisions"}],"predecessor-version":[{"id":1079,"href":"https:\/\/blogs.hoy.es\/Juandomingofernandez\/wp-json\/wp\/v2\/posts\/1078\/revisions\/1079"}],"wp:attachment":[{"href":"https:\/\/blogs.hoy.es\/Juandomingofernandez\/wp-json\/wp\/v2\/media?parent=1078"}],"wp:term":[{"taxonomy":"category","embeddable":true,"href":"https:\/\/blogs.hoy.es\/Juandomingofernandez\/wp-json\/wp\/v2\/categories?post=1078"},{"taxonomy":"post_tag","embeddable":true,"href":"https:\/\/blogs.hoy.es\/Juandomingofernandez\/wp-json\/wp\/v2\/tags?post=1078"}],"curies":[{"name":"wp","href":"https:\/\/api.w.org\/{rel}","templated":true}]}}