{"id":1081,"date":"2020-07-02T08:50:57","date_gmt":"2020-07-02T07:50:57","guid":{"rendered":"http:\/\/blogs.hoy.es\/Juandomingofernandez\/?p=1081"},"modified":"2020-07-02T08:50:57","modified_gmt":"2020-07-02T07:50:57","slug":"recordatorio","status":"publish","type":"post","link":"https:\/\/blogs.hoy.es\/Juandomingofernandez\/2020\/07\/02\/recordatorio\/","title":{"rendered":"Recordatorio"},"content":{"rendered":"<p>El domingo 28 de junio se cumpli\u00f3 un a\u00f1o de la muerte de Juli\u00e1n Rodr\u00edguez, (Ceclav\u00edn, C\u00e1ceres, 1968), traductor, editor y director de las revistas \u2018Sub rosa\u2019 y \u2018La ronda de noche\u2019, fundador de editorial Perif\u00e9rica, galerista de arte y sobre todo autor de una obra narrativa y ensay\u00edstica singular: \u2018Tiempo de invierno\u2019, \u2018Lo improbable\u2019, \u2018La sombra y la penumbra\u2019, \u2018Ninguna necesidad\u2019, \u2018Unas vacaciones baratas en la miseria de los dem\u00e1s\u2019, \u2018Cultivos\u2019 o \u2018Nevada\u2019, libro de poemas publicado el a\u00f1o 2000 en Renacimiento.<\/p>\n<p>Yo conoc\u00ed a Juli\u00e1n Rodr\u00edguez a mediados de los ochenta. Desde esa \u00e9poca su figura se multiplic\u00f3 como la de un activista cultural al que nada le era ajeno: desde la hosteler\u00eda hasta las iniciativas editoriales; desde el cuidado tipogr\u00e1fico (a \u00e9l se debe, por ejemplo, el memorable dise\u00f1o de la colecci\u00f3n La Gaveta, de Editora Regional de Extremadura) hasta las galer\u00edas de arte Torre de Babel y Casa sin Fin, que promovi\u00f3 en C\u00e1ceres y Madrid; la Asociaci\u00f3n de Escritores Extreme\u00f1os \u2013que contribuy\u00f3 a impulsar junto a Antonio S\u00e1ez Delgado\u2013 o su trabajo de comisario de exposiciones en el Centro Helga de Alvear o en el MEIAC. Creo que Juli\u00e1n Rodr\u00edguez fue un verdadero \u2018sabio renacentista\u2019, pero sin el lastre del academicismo o la pedanter\u00eda. Al contrario. Un escritor capaz de conmover a los lectores de su blog o de su diario en Facebook con esa sencillez l\u00facida, precisa, con que hablaba de los grandes creadores o de su inseparable Zama y sus paseos por la sierra.<\/p>\n<p>Ahora, al a\u00f1o de su muerte, su hermano Javier edita, \u00abdestinadas a familiares y amigos\u00bb, las conmovedoras p\u00e1ginas de \u2018Una carta de Henry James a Fanny Stevenson nuevamente impresa en memoria de Juli\u00e1n Rodr\u00edguez Marcos\u2019. James escribe a la viuda de R. L. Stevenson (muerto repentinamente a los 44 a\u00f1os) y ensalza su grandeza: \u00abIlumin\u00f3 un lado entero de la Tierra y era por s\u00ed mismo una provincia entera de la imaginaci\u00f3n. Sin \u00e9l somos gente m\u00e1s peque\u00f1a, personas m\u00e1s mediocres\u00bb. Y a\u00f1ade: \u00abFue pese a todo un hombre con suerte. Quiero decir que tengo la sensaci\u00f3n de que ha sido tan feliz en la muerte (abatido de esa manera, como los dioses, en una hora clara, gloriosa) como lo fue en los momentos de esplendor. Pese a todas las circunstancias tristes de su rica y exuberante vida, tuvo lo mejor de ella, lo m\u00e1s intenso de la lucha, lo m\u00e1s sonoro de la m\u00fasica, lo m\u00e1s fresco y espl\u00e9ndido de s\u00ed mismo. Ser\u00eda distinto si no hubiese alcanzado la plenitud y la excelencia. Fue todo intenso, todo gallardo, todo exquisito desde el principio. (\u2026). Se ha ido a tiempo para no envejecer. Lo suficientemente pronto como para ser generosamente joven y lo suficientemente tarde como para haber apurado la copa\u00bb. Hablando de la carta, Javier Rodr\u00edguez le confes\u00f3 a <a href=\"https:\/\/malama.blogspot.com\/2020\/06\/una-carta-para-julian.html?fbclid=IwAR1ixYqSjRUFvyGgD1YTwwBbOYkUozNHL4CAPuSLL6eMatksQzIQBTUKuls\">Miguel \u00c1ngel Lama<\/a>: \u00abCon mi hermano muerto me pareci\u00f3 casi un retrato suyo\u00bb. Quiz\u00e1s el mejor recordatorio.<\/p>\n<!-- AddThis Advanced Settings generic via filter on the_content --><!-- AddThis Share Buttons generic via filter on the_content -->","protected":false},"excerpt":{"rendered":"<p>El domingo 28 de junio se cumpli\u00f3 un a\u00f1o de la muerte de Juli\u00e1n Rodr\u00edguez, (Ceclav\u00edn, C\u00e1ceres, 1968), traductor, editor y director de las revistas \u2018Sub rosa\u2019 y \u2018La ronda de noche\u2019, fundador de editorial Perif\u00e9rica, galerista de arte y sobre todo autor de una obra narrativa y ensay\u00edstica singular: \u2018Tiempo de invierno\u2019, \u2018Lo improbable\u2019, [&hellip;]<!-- AddThis Advanced Settings generic via filter on get_the_excerpt --><!-- AddThis Share Buttons generic via filter on get_the_excerpt --><\/p>\n","protected":false},"author":13,"featured_media":0,"comment_status":"open","ping_status":"closed","sticky":false,"template":"","format":"standard","meta":[],"categories":[1],"tags":[104,1895,1894,662,1893,763,845],"_links":{"self":[{"href":"https:\/\/blogs.hoy.es\/Juandomingofernandez\/wp-json\/wp\/v2\/posts\/1081"}],"collection":[{"href":"https:\/\/blogs.hoy.es\/Juandomingofernandez\/wp-json\/wp\/v2\/posts"}],"about":[{"href":"https:\/\/blogs.hoy.es\/Juandomingofernandez\/wp-json\/wp\/v2\/types\/post"}],"author":[{"embeddable":true,"href":"https:\/\/blogs.hoy.es\/Juandomingofernandez\/wp-json\/wp\/v2\/users\/13"}],"replies":[{"embeddable":true,"href":"https:\/\/blogs.hoy.es\/Juandomingofernandez\/wp-json\/wp\/v2\/comments?post=1081"}],"version-history":[{"count":1,"href":"https:\/\/blogs.hoy.es\/Juandomingofernandez\/wp-json\/wp\/v2\/posts\/1081\/revisions"}],"predecessor-version":[{"id":1082,"href":"https:\/\/blogs.hoy.es\/Juandomingofernandez\/wp-json\/wp\/v2\/posts\/1081\/revisions\/1082"}],"wp:attachment":[{"href":"https:\/\/blogs.hoy.es\/Juandomingofernandez\/wp-json\/wp\/v2\/media?parent=1081"}],"wp:term":[{"taxonomy":"category","embeddable":true,"href":"https:\/\/blogs.hoy.es\/Juandomingofernandez\/wp-json\/wp\/v2\/categories?post=1081"},{"taxonomy":"post_tag","embeddable":true,"href":"https:\/\/blogs.hoy.es\/Juandomingofernandez\/wp-json\/wp\/v2\/tags?post=1081"}],"curies":[{"name":"wp","href":"https:\/\/api.w.org\/{rel}","templated":true}]}}