{"id":1086,"date":"2020-07-16T08:05:55","date_gmt":"2020-07-16T07:05:55","guid":{"rendered":"http:\/\/blogs.hoy.es\/Juandomingofernandez\/?p=1086"},"modified":"2020-07-16T08:07:16","modified_gmt":"2020-07-16T07:07:16","slug":"la-prisa-y-la-desgracia","status":"publish","type":"post","link":"https:\/\/blogs.hoy.es\/Juandomingofernandez\/2020\/07\/16\/la-prisa-y-la-desgracia\/","title":{"rendered":"La prisa y la desgracia"},"content":{"rendered":"<p>La Covid 19 se ha convertido en el centro de nuestras vidas. Y la mascarilla en su bandera. Adem\u00e1s de las previsiones meteorol\u00f3gicas, hay que estar pendiente de las disposiciones auton\u00f3micas sobre la obligatoriedad de su uso si viajas fuera de tu regi\u00f3n. Imagino que lo inmediato ser\u00e1 recurrir a nuevas aplicaciones tecnol\u00f3gicas para conocer en tiempo real si uno se encuentra pr\u00f3ximo a cualquier potencial foco de contagio o a salvo, sin amenazas cercanas.<\/p>\n<p>Igual que invade los resquicios de nuestra cotidianidad, la Covid-19 planea tambi\u00e9n sobre la vida pol\u00edtica. No solo cuando miramos al pandemonio catal\u00e1n, sino al analizar las recientes elecciones en Galicia y en el Pa\u00eds Vasco. Todo es Covid-19, desde el debate sobre el estado de la regi\u00f3n en Extremadura hasta las incertidumbres que acechan a la econom\u00eda espa\u00f1ola durante la cumbre de la UE este fin de semana. El Covid-19 es la pandemia. La raz\u00f3n de nuevos hallazgos e investigaciones: \u00abLos anticuerpos generados por las llamas logran, en pruebas de laboratorio, neutralizar al coronavirus, seg\u00fan ha puesto de manifiesto un estudio llevado a cabo por investigadores del Instituto Rosalind Franklin, la Universidad de Oxford, Diamond Light Source y Public Health England (Reino Unido)\u00bb, informa Europa Press. M\u00e1s madera.<\/p>\n<p>Supongo que la Covid-19 planea tambi\u00e9n sobre el desplome de Podemos; sobre la concesi\u00f3n por la Generalitat del tercer grado penitenciario a los condenados del \u2018proc\u00e9s\u2019; sobre las transferencias millonarias del Rey em\u00e9rito desde para\u00edsos fiscales. Planea, desde luego, sobre las recomendaciones oficiales del Real Madrid para que los aficionados \u2013en el caso de ganar la Liga esta misma noche del jueves\u2013 no acudan a los tradicionales lugares de celebraci\u00f3n, \u00abespecialmente a la plaza de Cibeles\u00bb, porque todos, a\u00f1ade el comunicado del club blanco, \u00abdebemos contribuir, como hasta ahora, con absoluta responsabilidad a evitar riesgos de contagio de la pandemia\u00bb. \u00bfAlguien estaba pensando en el 8-M?<\/p>\n<p>En realidad, sobre la Covid-19 lo que planea desde hace tiempo \u2013tal vez desde que a finales de enero la OMS declar\u00f3 la alerta sanitaria internacional\u2013, es el dilema, la contradicci\u00f3n, entre salud y econom\u00eda. Entre la bolsa o la vida. Despu\u00e9s cabe extraer en la operaci\u00f3n todos los decimales que se quiera. Hay un proverbio ruso que resume sabiamente esa paradoja: \u00abSi vas de prisa, alcanzas la desgracia; si vas despacio, es la desgracia la que te alcanza a ti\u00bb. Si olvidamos los peligros del bicho, si bajamos la guardia, el virus nos da caza; si nos excedemos en la prevenci\u00f3n y en el aislamiento, la econom\u00eda se va al garete y nosotros detr\u00e1s\u2026<\/p>\n<p>\u00bfQu\u00e9 hacer? Yo creo que afrontar el riesgo con prudencia pero sin angustia; cumplir las recomendaciones sanitarias (lavado de manos, distancia de seguridad, mascarilla) y recordar aquello tan sabido: los m\u00e1s peligrosos suelen ser los m\u00e1s tontos, mientras que los m\u00e1s sensatos son quienes demuestran civismo y dignidad. \u00bfEl resto? Algo de buena suerte, mi buen Yorick.<\/p>\n<!-- AddThis Advanced Settings generic via filter on the_content --><!-- AddThis Share Buttons generic via filter on the_content -->","protected":false},"excerpt":{"rendered":"<p>La Covid 19 se ha convertido en el centro de nuestras vidas. Y la mascarilla en su bandera. Adem\u00e1s de las previsiones meteorol\u00f3gicas, hay que estar pendiente de las disposiciones auton\u00f3micas sobre la obligatoriedad de su uso si viajas fuera de tu regi\u00f3n. Imagino que lo inmediato ser\u00e1 recurrir a nuevas aplicaciones tecnol\u00f3gicas para conocer [&hellip;]<!-- AddThis Advanced Settings generic via filter on get_the_excerpt --><!-- AddThis Share Buttons generic via filter on get_the_excerpt --><\/p>\n","protected":false},"author":13,"featured_media":0,"comment_status":"open","ping_status":"closed","sticky":false,"template":"","format":"standard","meta":[],"categories":[1],"tags":[1863,319,422,1079,1295],"_links":{"self":[{"href":"https:\/\/blogs.hoy.es\/Juandomingofernandez\/wp-json\/wp\/v2\/posts\/1086"}],"collection":[{"href":"https:\/\/blogs.hoy.es\/Juandomingofernandez\/wp-json\/wp\/v2\/posts"}],"about":[{"href":"https:\/\/blogs.hoy.es\/Juandomingofernandez\/wp-json\/wp\/v2\/types\/post"}],"author":[{"embeddable":true,"href":"https:\/\/blogs.hoy.es\/Juandomingofernandez\/wp-json\/wp\/v2\/users\/13"}],"replies":[{"embeddable":true,"href":"https:\/\/blogs.hoy.es\/Juandomingofernandez\/wp-json\/wp\/v2\/comments?post=1086"}],"version-history":[{"count":1,"href":"https:\/\/blogs.hoy.es\/Juandomingofernandez\/wp-json\/wp\/v2\/posts\/1086\/revisions"}],"predecessor-version":[{"id":1087,"href":"https:\/\/blogs.hoy.es\/Juandomingofernandez\/wp-json\/wp\/v2\/posts\/1086\/revisions\/1087"}],"wp:attachment":[{"href":"https:\/\/blogs.hoy.es\/Juandomingofernandez\/wp-json\/wp\/v2\/media?parent=1086"}],"wp:term":[{"taxonomy":"category","embeddable":true,"href":"https:\/\/blogs.hoy.es\/Juandomingofernandez\/wp-json\/wp\/v2\/categories?post=1086"},{"taxonomy":"post_tag","embeddable":true,"href":"https:\/\/blogs.hoy.es\/Juandomingofernandez\/wp-json\/wp\/v2\/tags?post=1086"}],"curies":[{"name":"wp","href":"https:\/\/api.w.org\/{rel}","templated":true}]}}