{"id":1091,"date":"2020-07-30T10:00:50","date_gmt":"2020-07-30T09:00:50","guid":{"rendered":"http:\/\/blogs.hoy.es\/Juandomingofernandez\/?p=1091"},"modified":"2020-07-30T10:00:50","modified_gmt":"2020-07-30T09:00:50","slug":"lectura-estival","status":"publish","type":"post","link":"https:\/\/blogs.hoy.es\/Juandomingofernandez\/2020\/07\/30\/lectura-estival\/","title":{"rendered":"Lectura estival"},"content":{"rendered":"<p>El verano de la Covid 19 est\u00e1 siendo el m\u00e1s caluroso de mi vida, pero espero recordarlo por los libros le\u00eddos antes que por las alertas naranjas que activa el 112. Probablemente, a la vuelta de los a\u00f1os, las altas temperaturas de julio y agosto ser\u00e1n solo una an\u00e9cdota en el calendario, mientras conf\u00edo que guardar\u00e9 \u2018fresca\u2019 memoria, no obstante, de los pocos libros que reservo para estas vacaciones. En la maleta viajar\u00e1n t\u00edtulos que llevo d\u00edas leyendo porque invitan, dada su naturaleza, a la lectura fragmentaria. El primero de ellos: \u2018Porque olvido. Diario 2005-2019\u2019, que re\u00fane una selecci\u00f3n de las entradas que el poeta \u00c1lvaro Valverde publica en su blog; y el segundo, \u2018Diligencias\u2019, de Andr\u00e9s Trapiello, que hace el n\u00famero 22 de su descomunal novela en marcha \u2018Sal\u00f3n de pasos perdidos\u2019. Dos cl\u00e1sicos.<\/p>\n<p>Este verano me adentrar\u00e9 tambi\u00e9n en una obra de la que tengo noticia por Jos\u00e9 Juli\u00e1n Barriga: \u2018Viaje al sur. Rilke en Ronda\u2019, de la profesora Carmen Rivas Rubiales, un minucioso y documentad\u00edsimo acercamiento al autor de las \u2018Eleg\u00edas de Duino\u2019 y a la recuperaci\u00f3n de la memoria de Rilke en Espa\u00f1a, precisamente a trav\u00e9s de la revista \u2018\u00cdndice\u2019, dirigida por el extreme\u00f1o Juan Fern\u00e1ndez Figueroa, que public\u00f3 en 1966 un n\u00famero monogr\u00e1fico y promovi\u00f3 el homenaje nacional tributado al cumplirse el 40 aniversario de la muerte del poeta. El libro, con decenas de fotograf\u00edas e ilustraciones, incluye tambi\u00e9n una grabaci\u00f3n donde Francisca Aguirre recita pasajes del libro \u2018Recuerdos de Rainer Maria Rilke\u2019 de la princesa Marie von Thurn un Taxis y F\u00e9lix Grande lee poemas de Rilke.<\/p>\n<p>Reservo espacio para otros vol\u00famenes que transitan, directa o indirectamente, por el mundo de la cultura y la literatura. Por ejemplo, el relato \u2018La biblioteca universal\u2019, de Kurd Lasswitz, publicado en un peri\u00f3dico originalmente en 1904 y que sirvi\u00f3 a Borges de inspiraci\u00f3n para su paradigm\u00e1tico \u2018La biblioteca de Babel\u2019. En el apartado de las obras breves (poco m\u00e1s de cien p\u00e1ginas), el librito \u2018Tocar los libros\u2019, de Jes\u00fas Marchamalo, que va ya por la s\u00e9ptima edici\u00f3n (\u00abuna haza\u00f1a de gran merecimiento, sin duda, para un libro tan peque\u00f1o\u00bb, confiesa el autor), donde espejean dedicatorias, an\u00e9cdotas, aficiones de coleccionista, detalles \u00edntimos y testimonios varios acerca de libros, bibliotecas y las obras de escritores como Walter Benjam\u00edn, Salinas, Aleixandre, Onetti, Laurence Sterne, Baroja, Juan Ram\u00f3n, G\u00f3mez de la Serna, Landero, Brines, Delibes, Vargas Llosa, Arrabal, Savater, Kafka, Mateo D\u00edez, F\u00e9lix de Az\u00faa, Trapiello, Garc\u00eda Montero, Lezama Lima, Cabrera Infante, Max Aub, Cort\u00e1zar, Julio Llamazares, Enrique Vila-Matas\u2026<\/p>\n<p>En el dep\u00f3sito de reserva llevar\u00e9 tambi\u00e9n una novela de la que no recuerdo ahora c\u00f3mo ha resistido el paso de los a\u00f1os: \u2018En mi jard\u00edn pastan los h\u00e9roes\u2019, del cubano Heberto Padilla. Leerla de nuevo quiz\u00e1s sea el mejor ant\u00eddoto contra el delirio totalitario propio de los populismos, cuando la condena es implacable para quien se confiese \u2018fuera del juego\u2019. A la vuelta les cuento.<\/p>\n<!-- AddThis Advanced Settings generic via filter on the_content --><!-- AddThis Share Buttons generic via filter on the_content -->","protected":false},"excerpt":{"rendered":"<p>El verano de la Covid 19 est\u00e1 siendo el m\u00e1s caluroso de mi vida, pero espero recordarlo por los libros le\u00eddos antes que por las alertas naranjas que activa el 112. Probablemente, a la vuelta de los a\u00f1os, las altas temperaturas de julio y agosto ser\u00e1n solo una an\u00e9cdota en el calendario, mientras conf\u00edo que [&hellip;]<!-- AddThis Advanced Settings generic via filter on get_the_excerpt --><!-- AddThis Share Buttons generic via filter on get_the_excerpt --><\/p>\n","protected":false},"author":13,"featured_media":0,"comment_status":"open","ping_status":"closed","sticky":false,"template":"","format":"standard","meta":[],"categories":[1],"tags":[1869,758,763,1303,1901],"_links":{"self":[{"href":"https:\/\/blogs.hoy.es\/Juandomingofernandez\/wp-json\/wp\/v2\/posts\/1091"}],"collection":[{"href":"https:\/\/blogs.hoy.es\/Juandomingofernandez\/wp-json\/wp\/v2\/posts"}],"about":[{"href":"https:\/\/blogs.hoy.es\/Juandomingofernandez\/wp-json\/wp\/v2\/types\/post"}],"author":[{"embeddable":true,"href":"https:\/\/blogs.hoy.es\/Juandomingofernandez\/wp-json\/wp\/v2\/users\/13"}],"replies":[{"embeddable":true,"href":"https:\/\/blogs.hoy.es\/Juandomingofernandez\/wp-json\/wp\/v2\/comments?post=1091"}],"version-history":[{"count":1,"href":"https:\/\/blogs.hoy.es\/Juandomingofernandez\/wp-json\/wp\/v2\/posts\/1091\/revisions"}],"predecessor-version":[{"id":1092,"href":"https:\/\/blogs.hoy.es\/Juandomingofernandez\/wp-json\/wp\/v2\/posts\/1091\/revisions\/1092"}],"wp:attachment":[{"href":"https:\/\/blogs.hoy.es\/Juandomingofernandez\/wp-json\/wp\/v2\/media?parent=1091"}],"wp:term":[{"taxonomy":"category","embeddable":true,"href":"https:\/\/blogs.hoy.es\/Juandomingofernandez\/wp-json\/wp\/v2\/categories?post=1091"},{"taxonomy":"post_tag","embeddable":true,"href":"https:\/\/blogs.hoy.es\/Juandomingofernandez\/wp-json\/wp\/v2\/tags?post=1091"}],"curies":[{"name":"wp","href":"https:\/\/api.w.org\/{rel}","templated":true}]}}