{"id":1096,"date":"2020-09-10T08:42:45","date_gmt":"2020-09-10T07:42:45","guid":{"rendered":"http:\/\/blogs.hoy.es\/Juandomingofernandez\/?p=1096"},"modified":"2020-09-10T08:42:45","modified_gmt":"2020-09-10T07:42:45","slug":"una-entrevista","status":"publish","type":"post","link":"https:\/\/blogs.hoy.es\/Juandomingofernandez\/2020\/09\/10\/una-entrevista\/","title":{"rendered":"Una entrevista"},"content":{"rendered":"<p>Quienes conocen bien el valor de las argumentaciones pol\u00edticas sostienen que no hay debate con enjundia si, a las primeras de cambio, alguno de los ponentes apela al consabido caso del nazismo y subraya \u2013con \u00e9nfasis, por supuesto\u2013, que Hitler conquist\u00f3 el poder a trav\u00e9s de una elecci\u00f3n democr\u00e1tica. Aquella \u2018anomal\u00eda\u2019 de la Alemania del Tercer Reich no invalida la primogenitura del sistema democr\u00e1tico sobre todos los dem\u00e1s sistemas. En esa bater\u00eda de razonamientos se inscribe tambi\u00e9n la famosa \u2018boutade\u2019 de Borges: \u00abPara m\u00ed la democracia es un abuso de la estad\u00edstica\u00bb. Yo creo que cuando se parte de argumentaciones tan an\u00e9micas, cuando la calculadora trabaja s\u00f3lo con unos pocos decimales, el resultado final necesariamente es err\u00f3neo, inservible. Guisos de populismo y sal gorda.<\/p>\n<p>Hace unos d\u00edas, C\u00e9sar Coca publicaba en los peri\u00f3dicos regionales de Vocento, una magn\u00edfica entrevista con el catedr\u00e1tico de Sociolog\u00eda V\u00edctor P\u00e9rez D\u00edaz, doctor en Derecho y Ciencias Pol\u00edticas por la Complutense, doctor en Sociolog\u00eda por Harvard y profesor visitante en universidades tan prestigiosas como Nueva York, Harvard, California o el MIT de Massachusetts. En la primera pregunta, Coca plantea lo siguiente: \u00abLa imagen de la clase pol\u00edtica es, por encima de cualquier otra consideraci\u00f3n, la de una gran divisi\u00f3n. \u00bfEst\u00e1 tambi\u00e9n dividida la sociedad espa\u00f1ola?\u00bb. La respuesta de V\u00edctor P\u00e9rez D\u00edaz no deja lugar a dudas: \u00abLa sociedad espa\u00f1ola est\u00e1 mucho menos dividida o polarizada de lo que est\u00e1 la clase pol\u00edtica, y de lo que, en general, reflejan los medios y los comentaristas en el espacio p\u00fablico. Algo parecido sucede en todo Occidente. Aunque la opini\u00f3n pol\u00edtica, medi\u00e1tica, y acad\u00e9micamente correcta suele ser la contraria, en realidad, las gentes del com\u00fan suelen tener unos sentimientos identitarios m\u00e1s complejos, y su modo de estar en el mundo es m\u00e1s abierto a probar y a experimentar, y son m\u00e1s capaces de escuchar, que sus \u00e9lites\u00bb.<\/p>\n<p>En este tiempo en que los gabinetes de comunicaci\u00f3n pol\u00edtica se empe\u00f1an de manera insistente en cultivar la idea de la polarizaci\u00f3n, de la divisi\u00f3n radical en bloques irreconciliables, \u2018por el inter\u00e9s te quiero Andr\u00e9s\u2019, esa respuesta del catedr\u00e1tico V\u00edctor P\u00e9rez D\u00edaz me parece que es el mensaje m\u00e1s estimulante y esperanzador que puede recibir el espa\u00f1olito de a pie; es decir, la inmensa mayor\u00eda a la que denominamos sociedad civil. Por tanto, aunque a veces creamos ser v\u00edctimas de la propaganda o de la confusi\u00f3n partidistas, de los argumentarios y clich\u00e9s que \u2018declaman\u2019 los pol\u00edticos, en opini\u00f3n de P\u00e9rez D\u00edaz no es as\u00ed, pues \u00abla mayor parte de la gente vota sin entusiasmo, pero no se deja enga\u00f1ar\u00bb, \u00abincluso cuando parece que vota por meros sentimientos, utiliza bastante el sentido com\u00fan\u00bb. Conf\u00edo en que la \u2018sensatez\u2019 demostrada por los espa\u00f1oles en las \u00faltimas d\u00e9cadas dar\u00e1 sus frutos frente a unas \u00e9lites pol\u00edticas alicortas en sus aspiraciones y, en general, poco generosas con el adversario, al que siguen mirando como enemigo de clase \u2013o de partido\u2013, antes que como simple conciudadano o compatriota.<\/p>\n<!-- AddThis Advanced Settings generic via filter on the_content --><!-- AddThis Share Buttons generic via filter on the_content -->","protected":false},"excerpt":{"rendered":"<p>Quienes conocen bien el valor de las argumentaciones pol\u00edticas sostienen que no hay debate con enjundia si, a las primeras de cambio, alguno de los ponentes apela al consabido caso del nazismo y subraya \u2013con \u00e9nfasis, por supuesto\u2013, que Hitler conquist\u00f3 el poder a trav\u00e9s de una elecci\u00f3n democr\u00e1tica. Aquella \u2018anomal\u00eda\u2019 de la Alemania del [&hellip;]<!-- AddThis Advanced Settings generic via filter on get_the_excerpt --><!-- AddThis Share Buttons generic via filter on get_the_excerpt --><\/p>\n","protected":false},"author":13,"featured_media":0,"comment_status":"open","ping_status":"closed","sticky":false,"template":"","format":"standard","meta":[],"categories":[1],"tags":[219,1904,319,422,1903],"_links":{"self":[{"href":"https:\/\/blogs.hoy.es\/Juandomingofernandez\/wp-json\/wp\/v2\/posts\/1096"}],"collection":[{"href":"https:\/\/blogs.hoy.es\/Juandomingofernandez\/wp-json\/wp\/v2\/posts"}],"about":[{"href":"https:\/\/blogs.hoy.es\/Juandomingofernandez\/wp-json\/wp\/v2\/types\/post"}],"author":[{"embeddable":true,"href":"https:\/\/blogs.hoy.es\/Juandomingofernandez\/wp-json\/wp\/v2\/users\/13"}],"replies":[{"embeddable":true,"href":"https:\/\/blogs.hoy.es\/Juandomingofernandez\/wp-json\/wp\/v2\/comments?post=1096"}],"version-history":[{"count":1,"href":"https:\/\/blogs.hoy.es\/Juandomingofernandez\/wp-json\/wp\/v2\/posts\/1096\/revisions"}],"predecessor-version":[{"id":1097,"href":"https:\/\/blogs.hoy.es\/Juandomingofernandez\/wp-json\/wp\/v2\/posts\/1096\/revisions\/1097"}],"wp:attachment":[{"href":"https:\/\/blogs.hoy.es\/Juandomingofernandez\/wp-json\/wp\/v2\/media?parent=1096"}],"wp:term":[{"taxonomy":"category","embeddable":true,"href":"https:\/\/blogs.hoy.es\/Juandomingofernandez\/wp-json\/wp\/v2\/categories?post=1096"},{"taxonomy":"post_tag","embeddable":true,"href":"https:\/\/blogs.hoy.es\/Juandomingofernandez\/wp-json\/wp\/v2\/tags?post=1096"}],"curies":[{"name":"wp","href":"https:\/\/api.w.org\/{rel}","templated":true}]}}