{"id":11,"date":"2005-10-31T22:25:26","date_gmt":"2005-10-31T22:25:26","guid":{"rendered":"http:\/\/blogs.hoy.es\/Juandomingofernandez\/?p=11"},"modified":"2005-10-31T22:25:26","modified_gmt":"2005-10-31T22:25:26","slug":"de-caceres-o-badajoz","status":"publish","type":"post","link":"https:\/\/blogs.hoy.es\/Juandomingofernandez\/2005\/10\/31\/de-caceres-o-badajoz\/","title":{"rendered":"De C\u00e1ceres o Badajoz"},"content":{"rendered":"<p>DURANTE nueve a\u00f1os he vivido en Madrid, donde compr\u00e9 mi primera vivienda y donde estudi\u00e9 y trabaj\u00e9 sin sentirme nunca forastero.<br \/>\nLos compa\u00f1eros casi nunca acertaban con mi pronunciado acento extreme\u00f1o ?que mantengo con los a\u00f1os, como una parte m\u00e1s de mi ADN?  y del que jam\u00e1s se me pas\u00f3 por la mente prescindir.<br \/>\nUnos cre\u00edan que era latinoamericano; otros, canario, andaluz e incluso murciano.<br \/>\nRaramente acertaban a la primera. El acento jam\u00e1s me caus\u00f3 problemas, aunque s\u00ed tuve que cuidar la sintaxis y olvidarme de esas particularidades tan cacere\u00f1as a la hora de hablar: \u00abTen cuidado, que lo caes\u00bb; \u00abMe lo he quedado olvidado\u00bb y cosas as\u00ed.<br \/>\nCuando hablaba de mi tierra con los amigos que no conoc\u00edan mucho Extremadura siempre explicaba que, en un sentido amplio y resumiendo, se podr\u00eda decir que C\u00e1ceres es m\u00e1s Castilla y Badajoz m\u00e1s Andaluc\u00eda. Todo el mundo entend\u00eda esa generalizaci\u00f3n.<br \/>\nSin embargo, la primera vez que se me ocurri\u00f3 plantear esa idea por escrito en este diario, hace ya veinte a\u00f1os, un lector escribi\u00f3 meti\u00e9ndose conmigo y sugiriendo que me dedicara a escribir sobre la regi\u00f3n, sin m\u00e1s disquisiciones.<br \/>\nAl cabo de los a\u00f1os mantengo mi acento y creo conocer algo por encima el car\u00e1cter de mis paisanos. \u00bfPero seguir\u00e1 siendo cierto que en C\u00e1ceres somos m\u00e1s parecidos a Castilla y en Badajoz m\u00e1s parecidos a Andaluc\u00eda? Tal vez pregunte acerca de esta cuesti\u00f3n a mi admirado \u00c1lvaro Valverde, tan   ponderado siempre en sus juicios y apreciaciones. <\/p>\n<!-- AddThis Advanced Settings generic via filter on the_content --><!-- AddThis Share Buttons generic via filter on the_content -->","protected":false},"excerpt":{"rendered":"<p>DURANTE nueve a\u00f1os he vivido en Madrid, donde compr\u00e9 mi primera vivienda y donde estudi\u00e9 y trabaj\u00e9 sin sentirme nunca forastero. Los compa\u00f1eros casi nunca acertaban con mi pronunciado acento extreme\u00f1o ?que mantengo con los a\u00f1os, como una parte m\u00e1s de mi ADN? y del que jam\u00e1s se me pas\u00f3 por la mente prescindir. Unos [&hellip;]<!-- AddThis Advanced Settings generic via filter on get_the_excerpt --><!-- AddThis Share Buttons generic via filter on get_the_excerpt --><\/p>\n","protected":false},"author":13,"featured_media":0,"comment_status":"open","ping_status":"closed","sticky":false,"template":"","format":"standard","meta":[],"categories":[2],"tags":[],"_links":{"self":[{"href":"https:\/\/blogs.hoy.es\/Juandomingofernandez\/wp-json\/wp\/v2\/posts\/11"}],"collection":[{"href":"https:\/\/blogs.hoy.es\/Juandomingofernandez\/wp-json\/wp\/v2\/posts"}],"about":[{"href":"https:\/\/blogs.hoy.es\/Juandomingofernandez\/wp-json\/wp\/v2\/types\/post"}],"author":[{"embeddable":true,"href":"https:\/\/blogs.hoy.es\/Juandomingofernandez\/wp-json\/wp\/v2\/users\/13"}],"replies":[{"embeddable":true,"href":"https:\/\/blogs.hoy.es\/Juandomingofernandez\/wp-json\/wp\/v2\/comments?post=11"}],"version-history":[{"count":0,"href":"https:\/\/blogs.hoy.es\/Juandomingofernandez\/wp-json\/wp\/v2\/posts\/11\/revisions"}],"wp:attachment":[{"href":"https:\/\/blogs.hoy.es\/Juandomingofernandez\/wp-json\/wp\/v2\/media?parent=11"}],"wp:term":[{"taxonomy":"category","embeddable":true,"href":"https:\/\/blogs.hoy.es\/Juandomingofernandez\/wp-json\/wp\/v2\/categories?post=11"},{"taxonomy":"post_tag","embeddable":true,"href":"https:\/\/blogs.hoy.es\/Juandomingofernandez\/wp-json\/wp\/v2\/tags?post=11"}],"curies":[{"name":"wp","href":"https:\/\/api.w.org\/{rel}","templated":true}]}}