{"id":110,"date":"2008-09-28T00:34:54","date_gmt":"2008-09-28T00:34:54","guid":{"rendered":"http:\/\/blogs.hoy.es\/Juandomingofernandez\/?p=110"},"modified":"2008-09-28T00:34:54","modified_gmt":"2008-09-28T00:34:54","slug":"anonimos","status":"publish","type":"post","link":"https:\/\/blogs.hoy.es\/Juandomingofernandez\/2008\/09\/28\/anonimos\/","title":{"rendered":"An\u00f3nimos"},"content":{"rendered":"<p><big>La exposici\u00f3n de los 75 a\u00f1os de HOY en la Asamblea de Extremadura me ha refrescado varias ideas acerca del periodismo y me ha conducido a los a\u00f1os de la Facultad, cuando uno de los &#8216;mandamientos&#8217; que nos inculcaban los profesores m\u00e1s l\u00facidos era la necesidad de separar la opini\u00f3n de la informaci\u00f3n, de modo que el lector comprobara f\u00e1cilmente que los hechos son sagrados y las opiniones libres. Y poco m\u00e1s, porque el resto del programa es vocaci\u00f3n, talento y oficio. Ahora que de nuevo se apuesta con fuerza por el periodismo de inter\u00e9s humano, renace tambi\u00e9n la estrategia sobre el articulismo que aplicaba C\u00e9sar Gonz\u00e1lez Ruano, quien sosten\u00eda que hab\u00eda triunfado porque consigui\u00f3 que los lectores aceptaran su intimidad, cuando de j\u00f3venes \u2013como a muchos de nosotros, en la Facultad\u2013 a los escritores y periodistas siempre se les hab\u00eda dicho lo contrario: que lo que ellos pensaran no le interesaba a nadie. El siguiente paso de los peri\u00f3dicos ha sido enriquecer la participaci\u00f3n. Y la opini\u00f3n. No s\u00f3lo de columnistas, colaboradores, o a trav\u00e9s de cartas al director, sino facilitando la incorporaci\u00f3n de muchos lectores con sus comentarios en las ediciones digitales. Y ah\u00ed quer\u00eda llegar yo. Al amparo del anonimato (relativo) algunos escribidores se envalentonan como verdugos con m\u00e1scara. Me parece que el anonimato puede ser un incentivo para la sinceridad, pero no necesariamente para la lucidez. Quiero decir que la posibilidad de publicar en un medio de masas (algo vetado a la mayor\u00eda hasta hace nada), comentar a trav\u00e9s de Internet, no convierte a un zoquete en Arist\u00f3teles. Ni hace sabio al pat\u00e1n. Y usted disculpe, buen an\u00f3nimo, con todas las excepciones que se quiera.<\/big><\/p>\n<!-- AddThis Advanced Settings generic via filter on the_content --><!-- AddThis Share Buttons generic via filter on the_content -->","protected":false},"excerpt":{"rendered":"<p>La exposici\u00f3n de los 75 a\u00f1os de HOY en la Asamblea de Extremadura me ha refrescado varias ideas acerca del periodismo y me ha conducido a los a\u00f1os de la Facultad, cuando uno de los &#8216;mandamientos&#8217; que nos inculcaban los profesores m\u00e1s l\u00facidos era la necesidad de separar la opini\u00f3n de la informaci\u00f3n, de modo [&hellip;]<!-- AddThis Advanced Settings generic via filter on get_the_excerpt --><!-- AddThis Share Buttons generic via filter on get_the_excerpt --><\/p>\n","protected":false},"author":13,"featured_media":0,"comment_status":"open","ping_status":"closed","sticky":false,"template":"","format":"standard","meta":[],"categories":[1],"tags":[638,987],"_links":{"self":[{"href":"https:\/\/blogs.hoy.es\/Juandomingofernandez\/wp-json\/wp\/v2\/posts\/110"}],"collection":[{"href":"https:\/\/blogs.hoy.es\/Juandomingofernandez\/wp-json\/wp\/v2\/posts"}],"about":[{"href":"https:\/\/blogs.hoy.es\/Juandomingofernandez\/wp-json\/wp\/v2\/types\/post"}],"author":[{"embeddable":true,"href":"https:\/\/blogs.hoy.es\/Juandomingofernandez\/wp-json\/wp\/v2\/users\/13"}],"replies":[{"embeddable":true,"href":"https:\/\/blogs.hoy.es\/Juandomingofernandez\/wp-json\/wp\/v2\/comments?post=110"}],"version-history":[{"count":0,"href":"https:\/\/blogs.hoy.es\/Juandomingofernandez\/wp-json\/wp\/v2\/posts\/110\/revisions"}],"wp:attachment":[{"href":"https:\/\/blogs.hoy.es\/Juandomingofernandez\/wp-json\/wp\/v2\/media?parent=110"}],"wp:term":[{"taxonomy":"category","embeddable":true,"href":"https:\/\/blogs.hoy.es\/Juandomingofernandez\/wp-json\/wp\/v2\/categories?post=110"},{"taxonomy":"post_tag","embeddable":true,"href":"https:\/\/blogs.hoy.es\/Juandomingofernandez\/wp-json\/wp\/v2\/tags?post=110"}],"curies":[{"name":"wp","href":"https:\/\/api.w.org\/{rel}","templated":true}]}}