{"id":1102,"date":"2020-09-24T10:46:54","date_gmt":"2020-09-24T09:46:54","guid":{"rendered":"http:\/\/blogs.hoy.es\/Juandomingofernandez\/?p=1102"},"modified":"2020-09-24T10:46:54","modified_gmt":"2020-09-24T09:46:54","slug":"angel-rodriguez-en-monfrague","status":"publish","type":"post","link":"https:\/\/blogs.hoy.es\/Juandomingofernandez\/2020\/09\/24\/angel-rodriguez-en-monfrague\/","title":{"rendered":"\u00c1ngel Rodr\u00edguez en Monfrag\u00fce"},"content":{"rendered":"<p>Durante a\u00f1os viv\u00ed junto al Parque del Pr\u00edncipe de C\u00e1ceres y en los paseos del trabajo a casa me deleitaba con el revoloteo de las t\u00f3rtolas y el canto de los mirlos. Las t\u00f3rtolas era f\u00e1cil encontrarlas en los alrededores del santuario de la Monta\u00f1a y en diversas zonas arboladas de la ciudad. Al igual que ocurre en otras poblaciones de Extremadura, desde hace tiempo las t\u00f3rtolas se pasan ya todo el a\u00f1o en C\u00e1ceres y lo mismo descubres su figura en lo alto de un edificio en Col\u00f3n que en las escaleras de Obispo Segura S\u00e1ez, donde ayer por la ma\u00f1ana, franciscanamente, un bello ejemplar compart\u00eda el bullicio ciudadano m\u00e1s feliz que una perdiz.<\/p>\n<p>Me entero por las redes sociales que la pasada semana se jubil\u00f3 como director del Parque Nacional de Monfrag\u00fce, \u00c1ngel Rodr\u00edguez Mart\u00edn (Pescueza, C\u00e1ceres, 1955). Con ese motivo, una de sus hijas le homenajea justo en el instante en que se produce el fin de un ciclo, de una etapa fecunda: \u00abTreinta a\u00f1os de dedicaci\u00f3n, sacrificio, vocaci\u00f3n, lucha y \u00e9xito por conservar un territorio que hoy es bandera de nuestra regi\u00f3n, Monfrag\u00fce. Tercer destino en el mundo elegido por los amantes de la naturaleza, capilla sixtina de la ornitolog\u00eda; \u00fanico rinc\u00f3n del planeta donde especies emblem\u00e1ticas como el \u00e1guila imperial coexisten con el hombre\u00bb.<\/p>\n<p>La noticia en las redes y la t\u00f3rtola callejera me devuelven el eco de una <a href=\"https:\/\/www.hoy.es\/v\/20101106\/regional\/padre-pastor-hasta-catorce-20101106.html\">entrevista<\/a> con \u00c1ngel Rodr\u00edguez, diez a\u00f1os atr\u00e1s. Titul\u00e9 aquella larga charla con una frase para m\u00ed reveladora: \u00abMi padre era pastor y hasta los catorce a\u00f1os viv\u00ed en un chozo\u00bb. Recuerdo que me sorprendi\u00f3 la espontaneidad propia de quien ha pasado toda su vida en contacto directo con la naturaleza y de quien habla de ella no como el alumno que ha adquirido unos cuantos conceptos te\u00f3ricos en la universidad \u2013\u00c1ngel Rodr\u00edguez curs\u00f3 los estudios de T\u00e9cnico Forestal en la Polit\u00e9cnica de Madrid\u2013 sino con las vivencias del ni\u00f1o que mataba p\u00e1jaros para comer (\u00abes lo que hac\u00edamos los ni\u00f1os en el campo\u00bb), que criaba t\u00f3rtolas (\u00abporque era una de las especies que ten\u00eda m\u00e1s cerca y que criaban con m\u00e1s facilidad\u00bb) o que corr\u00eda detr\u00e1s de los perdigones por los rastrojos: \u00ab\u00a1Que si he corrido\u2026! Cuando cog\u00edas alg\u00fan perdig\u00f3n lo ten\u00edas, lo cuidabas y aquello era sagrado, no se mataba nunca\u00bb. El hijo de un pastor de ovejas \u00abque no eran suyas, un pastor a sueldo\u00bb que para ir a la escuela ten\u00eda que andar ocho o diez kil\u00f3metros todos los d\u00edas, y cuando pudo empezar en el instituto ten\u00eda ya 14 a\u00f1os, en vez de los diez u once de todos sus compa\u00f1eros. Seguro que en esta nueva etapa, al volver la vista atr\u00e1s, \u00c1ngel Rodr\u00edguez vislumbrar\u00e1 aquellos d\u00edas con igual detalle con que ha pateado y conoce las 18.000 hect\u00e1reas de un Parque Nacional, Reserva de la Biosfera, que ha sido, sin ret\u00f3rica hueca, su vida y su pasi\u00f3n.<\/p>\n<!-- AddThis Advanced Settings generic via filter on the_content --><!-- AddThis Share Buttons generic via filter on the_content -->","protected":false},"excerpt":{"rendered":"<p>Durante a\u00f1os viv\u00ed junto al Parque del Pr\u00edncipe de C\u00e1ceres y en los paseos del trabajo a casa me deleitaba con el revoloteo de las t\u00f3rtolas y el canto de los mirlos. Las t\u00f3rtolas era f\u00e1cil encontrarlas en los alrededores del santuario de la Monta\u00f1a y en diversas zonas arboladas de la ciudad. Al igual [&hellip;]<!-- AddThis Advanced Settings generic via filter on get_the_excerpt --><!-- AddThis Share Buttons generic via filter on get_the_excerpt --><\/p>\n","protected":false},"author":13,"featured_media":0,"comment_status":"open","ping_status":"closed","sticky":false,"template":"","format":"standard","meta":[],"categories":[1],"tags":[179,456,1908,901,1909,1910],"_links":{"self":[{"href":"https:\/\/blogs.hoy.es\/Juandomingofernandez\/wp-json\/wp\/v2\/posts\/1102"}],"collection":[{"href":"https:\/\/blogs.hoy.es\/Juandomingofernandez\/wp-json\/wp\/v2\/posts"}],"about":[{"href":"https:\/\/blogs.hoy.es\/Juandomingofernandez\/wp-json\/wp\/v2\/types\/post"}],"author":[{"embeddable":true,"href":"https:\/\/blogs.hoy.es\/Juandomingofernandez\/wp-json\/wp\/v2\/users\/13"}],"replies":[{"embeddable":true,"href":"https:\/\/blogs.hoy.es\/Juandomingofernandez\/wp-json\/wp\/v2\/comments?post=1102"}],"version-history":[{"count":1,"href":"https:\/\/blogs.hoy.es\/Juandomingofernandez\/wp-json\/wp\/v2\/posts\/1102\/revisions"}],"predecessor-version":[{"id":1103,"href":"https:\/\/blogs.hoy.es\/Juandomingofernandez\/wp-json\/wp\/v2\/posts\/1102\/revisions\/1103"}],"wp:attachment":[{"href":"https:\/\/blogs.hoy.es\/Juandomingofernandez\/wp-json\/wp\/v2\/media?parent=1102"}],"wp:term":[{"taxonomy":"category","embeddable":true,"href":"https:\/\/blogs.hoy.es\/Juandomingofernandez\/wp-json\/wp\/v2\/categories?post=1102"},{"taxonomy":"post_tag","embeddable":true,"href":"https:\/\/blogs.hoy.es\/Juandomingofernandez\/wp-json\/wp\/v2\/tags?post=1102"}],"curies":[{"name":"wp","href":"https:\/\/api.w.org\/{rel}","templated":true}]}}