{"id":1104,"date":"2020-10-01T09:10:32","date_gmt":"2020-10-01T08:10:32","guid":{"rendered":"http:\/\/blogs.hoy.es\/Juandomingofernandez\/?p=1104"},"modified":"2020-10-01T09:10:32","modified_gmt":"2020-10-01T08:10:32","slug":"de-patria-a-nuestros-chicos","status":"publish","type":"post","link":"https:\/\/blogs.hoy.es\/Juandomingofernandez\/2020\/10\/01\/de-patria-a-nuestros-chicos\/","title":{"rendered":"De &#8216;Patria&#8217; a &#8216;Nuestros chicos&#8217;"},"content":{"rendered":"<p>Estos d\u00edas que la serie \u2018Patria\u2019, basada en la genial obra del escritor Fernando Aramburu, devuelve a la memoria colectiva los estragos y la devastaci\u00f3n \u2013f\u00edsica y moral\u2013 que propiciaron durante d\u00e9cadas el terrorismo etarra en Espa\u00f1a, he recordado tambi\u00e9n otra serie televisiva de HBO estrenada el a\u00f1o pasado: \u2018Our Boys\u2019 (\u2018Nuestros chicos\u2019), un drama que recrea la investigaci\u00f3n emprendida por los propios servicios de seguridad de Israel tras el asesinato de un adolescente palestino por j\u00f3venes israel\u00edes extremistas en lo que, aparentemente, era una venganza por el previo secuestro y asesinato de tres j\u00f3venes israel\u00edes a manos de terroristas de Ham\u00e1s. Acci\u00f3n y reacci\u00f3n.<\/p>\n<p>No pretendo juzgar ahora las razones o motivos del enfrentamiento hist\u00f3rico entre Israel y Palestina. Respecto a aquella serie, lo que de verdad llam\u00f3 mi atenci\u00f3n fue la manera en que desentra\u00f1aba y reflexionaba sobre los mecanismos que sustentan el terrorismo. Me refiero a la explicaci\u00f3n psicol\u00f3gica acerca de c\u00f3mo \u2013y sobre todo de por qu\u00e9\u2013 una mente sana puede transformarse en la mente de un asesino.<\/p>\n<p>Es sabido, como demuestra \u2018Patria\u2019, que no se trata de meros \u2018lavados de cerebros\u2019, propios de sectas o entidades fanatizadas. En ese proceso operan factores personales, familiares, comunitarios\u2026 vinculados antes que al desarrollo econ\u00f3mico de un determinado pa\u00eds, a la degradaci\u00f3n moral de la propia sociedad y de algunas de sus instituciones. \u00c1mbitos donde te empujan a mirar para otro lado por miedo o por inter\u00e9s.<\/p>\n<p>En el caso de \u2018Nuestros chicos\u2019, la investigaci\u00f3n se centra en los familiares del adolescente palestino asesinado y sobre todo en el entorno de un rabino y de los asistentes a una \u2018yeshiva\u2019 (escuela talm\u00fadica).<\/p>\n<p>La noche en que el joven extremista, alumno de la \u2018yeshiva\u2019 y un t\u00edo suyo, recorren en autom\u00f3vil la ciudad, buscando a cualquier chaval palestino que encuentren a su paso, se produce uno de los momentos decisivos de la historia. Tras un primer intento fallido, el t\u00edo reconviene al sobrino por no haberse atrevido a ejecutar la acci\u00f3n: \u00abCompadecerte de ellos es una debilidad\u00bb, le advierte. \u00abEl miedo es otra cosa, pero tienes que superarlo\u00bb, concluye el t\u00edo. Esas palabras me parece que revelan algunos de los axiomas b\u00e1sicos de toda mentalidad terrorista. Entre otros, resumen el rechazo profundo, radical, innegociable, a cualquier posibilidad de empat\u00eda y menos a\u00fan de compasi\u00f3n. De esta forma, \u00abcompadecerte de ellos es una debilidad\u00bb se convierte en una especie de primer mandamiento del extremismo, en el dogma supremo para aquellos que fundan su apuesta en el odio, en el desprecio al otro, a quienes no son \u2018de los nuestros\u2019.<\/p>\n<p>Los espa\u00f1oles de cierta edad que guardan memoria de esa devastaci\u00f3n tan fidedignamente reflejada en \u2018Patria\u2019, saben bien las consecuencias que acarrean el odio y la intolerancia extremista. \u00bfMi esperanza? Que se recuerde asimismo lo que hace veinte siglos advirti\u00f3 Cicer\u00f3n: \u00abDe humanos es errar y de necios perseverar en el error\u00bb. La historia como maestra.<\/p>\n<!-- AddThis Advanced Settings generic via filter on the_content --><!-- AddThis Share Buttons generic via filter on the_content -->","protected":false},"excerpt":{"rendered":"<p>Estos d\u00edas que la serie \u2018Patria\u2019, basada en la genial obra del escritor Fernando Aramburu, devuelve a la memoria colectiva los estragos y la devastaci\u00f3n \u2013f\u00edsica y moral\u2013 que propiciaron durante d\u00e9cadas el terrorismo etarra en Espa\u00f1a, he recordado tambi\u00e9n otra serie televisiva de HBO estrenada el a\u00f1o pasado: \u2018Our Boys\u2019 (\u2018Nuestros chicos\u2019), un drama [&hellip;]<!-- AddThis Advanced Settings generic via filter on get_the_excerpt --><!-- AddThis Share Buttons generic via filter on get_the_excerpt --><\/p>\n","protected":false},"author":13,"featured_media":0,"comment_status":"open","ping_status":"closed","sticky":false,"template":"","format":"standard","meta":[],"categories":[1],"tags":[319,422,1912,1911,467,650,1249,1340],"_links":{"self":[{"href":"https:\/\/blogs.hoy.es\/Juandomingofernandez\/wp-json\/wp\/v2\/posts\/1104"}],"collection":[{"href":"https:\/\/blogs.hoy.es\/Juandomingofernandez\/wp-json\/wp\/v2\/posts"}],"about":[{"href":"https:\/\/blogs.hoy.es\/Juandomingofernandez\/wp-json\/wp\/v2\/types\/post"}],"author":[{"embeddable":true,"href":"https:\/\/blogs.hoy.es\/Juandomingofernandez\/wp-json\/wp\/v2\/users\/13"}],"replies":[{"embeddable":true,"href":"https:\/\/blogs.hoy.es\/Juandomingofernandez\/wp-json\/wp\/v2\/comments?post=1104"}],"version-history":[{"count":1,"href":"https:\/\/blogs.hoy.es\/Juandomingofernandez\/wp-json\/wp\/v2\/posts\/1104\/revisions"}],"predecessor-version":[{"id":1105,"href":"https:\/\/blogs.hoy.es\/Juandomingofernandez\/wp-json\/wp\/v2\/posts\/1104\/revisions\/1105"}],"wp:attachment":[{"href":"https:\/\/blogs.hoy.es\/Juandomingofernandez\/wp-json\/wp\/v2\/media?parent=1104"}],"wp:term":[{"taxonomy":"category","embeddable":true,"href":"https:\/\/blogs.hoy.es\/Juandomingofernandez\/wp-json\/wp\/v2\/categories?post=1104"},{"taxonomy":"post_tag","embeddable":true,"href":"https:\/\/blogs.hoy.es\/Juandomingofernandez\/wp-json\/wp\/v2\/tags?post=1104"}],"curies":[{"name":"wp","href":"https:\/\/api.w.org\/{rel}","templated":true}]}}