{"id":1109,"date":"2020-10-15T08:19:10","date_gmt":"2020-10-15T07:19:10","guid":{"rendered":"http:\/\/blogs.hoy.es\/Juandomingofernandez\/?p=1109"},"modified":"2020-10-15T08:19:10","modified_gmt":"2020-10-15T07:19:10","slug":"terlenka-en-la-cabeza","status":"publish","type":"post","link":"https:\/\/blogs.hoy.es\/Juandomingofernandez\/2020\/10\/15\/terlenka-en-la-cabeza\/","title":{"rendered":"Terlenka en la cabeza"},"content":{"rendered":"<p>Caminando por el paseo de C\u00e1novas me encuentro con Jes\u00fas, ese gaditano que conserva intactos el humor y el acento de su tierra y que se labr\u00f3 a pulso, con salidas escalofriantes y paradas inveros\u00edmiles, el recuerdo entre la afici\u00f3n como el m\u00e1s singular de los guardametas del Club Polideportivo Cacere\u00f1o. Jes\u00fas, \u2013\u2018Chuflas\u2019 para sus \u00edntimos\u2019\u2013 patronea desde hace a\u00f1os tras la barra de La Lambretta, uno de los buques insignia de las noches cacere\u00f1as cuando esa f\u00f3rmula, \u2018noches cacere\u00f1as\u2019, no esbozaba una mera ficci\u00f3n. Nada m\u00e1s pararnos, le felicito porque se encuentra igual que siempre: risue\u00f1o, jovial, gesticulante. \u00abT\u00fa s\u00ed que est\u00e1s bien\u00bb, responde mientras hace el gesto de recorrer su torso con las manos abiertas: \u00abcomo dicen en C\u00e1diz: para estar en Terlenka\u00bb.<\/p>\n<p>\u00a1Cu\u00e1ntos a\u00f1os hace que no o\u00eda esa palabra, terlenka! Adem\u00e1s de la risa, el Chuflas me devuelve el recuerdo de aquella tela sint\u00e9tica, apenas sin arrugas, que estilizaba el cuerpo como el de un figur\u00edn. Me alegr\u00f3 la ma\u00f1ana. Un esp\u00edritu optimista.<\/p>\n<p>Avanzo en direcci\u00f3n a la Fuente Luminosa y compruebo que este a\u00f1o ya han recogido<\/p>\n<p>casi todos los membrillos del \u00e1rbol pr\u00f3ximo al Kiosco de la M\u00fasica. Ha sido despu\u00e9s de San Miguel. Siempre que paseo por ese lado de C\u00e1novas observo con detalle el membrillero y vienen a mi memoria las im\u00e1genes de Antonio L\u00f3pez en la pel\u00edcula de V\u00edctor Erice \u2018El sol del membrillo\u2019. Siempre me queda, tambi\u00e9n, una curiosidad: \u00bfqui\u00e9n o qui\u00e9nes recogen los membrillos? Porque suelen \u2018desaparecer\u2019 de un d\u00eda para otro.<\/p>\n<p>Poco antes de llegar a la altura del cine Colis\u00e9um, alguien hace un gesto para que me pare y me saluda con el codo. Ambos llevamos puesta la mascarilla. Se trata de un antiguo compa\u00f1ero de mili. Hablamos de la situaci\u00f3n pol\u00edtica de Espa\u00f1a. \u00c9l es historiador y se muestra bastante pesimista. Cree que el poder judicial est\u00e1 siendo sometido a presiones intolerables y el respeto a las instituciones del Estado se lo est\u00e1 pasando cierta izquierda por el arco del triunfo\u2026 \u00abTe sigo\u00bb, comenta para confirmarme que lee estas columnas semanales. \u00abEso es se\u00f1al de que tienes\u00bb, dice mientras se se\u00f1ala con el dedo \u00edndice la cabeza, \u00abbuen antialzheimer\u00bb. Tras despedirnos, pienso que mi antiguo compa\u00f1ero de mili me ha dejado, como suele decirse, con una noticia buena y otra mala. La mala es la constataci\u00f3n de haberse extendido entre sectores pol\u00edticos muy diversos la percepci\u00f3n de que Espa\u00f1a padece una radicalizaci\u00f3n de odios enconados que a los de m\u00e1s edad les trae ecos \u2018guerracivilistas\u2019, de v\u00edsperas cada vez m\u00e1s enturbiadas, m\u00e1s irreconciliables. La buena noticia es de car\u00e1cter \u00edntimo: atribuirle a uno capacidad mental suficiente para seguir manteniendo este contacto peri\u00f3dico con los lectores. Terlenka en la cabeza. Y como sostiene el fil\u00f3sofo Ignacio G\u00f3mez de Lia\u00f1o: \u00abNunca el futuro est\u00e1 escrito, todo depende de lo que seamos capaces de hacer\u00bb.<\/p>\n<!-- AddThis Advanced Settings generic via filter on the_content --><!-- AddThis Share Buttons generic via filter on the_content -->","protected":false},"excerpt":{"rendered":"<p>Caminando por el paseo de C\u00e1novas me encuentro con Jes\u00fas, ese gaditano que conserva intactos el humor y el acento de su tierra y que se labr\u00f3 a pulso, con salidas escalofriantes y paradas inveros\u00edmiles, el recuerdo entre la afici\u00f3n como el m\u00e1s singular de los guardametas del Club Polideportivo Cacere\u00f1o. Jes\u00fas, \u2013\u2018Chuflas\u2019 para sus [&hellip;]<!-- AddThis Advanced Settings generic via filter on get_the_excerpt --><!-- AddThis Share Buttons generic via filter on get_the_excerpt --><\/p>\n","protected":false},"author":13,"featured_media":0,"comment_status":"open","ping_status":"closed","sticky":false,"template":"","format":"standard","meta":[],"categories":[1],"tags":[],"_links":{"self":[{"href":"https:\/\/blogs.hoy.es\/Juandomingofernandez\/wp-json\/wp\/v2\/posts\/1109"}],"collection":[{"href":"https:\/\/blogs.hoy.es\/Juandomingofernandez\/wp-json\/wp\/v2\/posts"}],"about":[{"href":"https:\/\/blogs.hoy.es\/Juandomingofernandez\/wp-json\/wp\/v2\/types\/post"}],"author":[{"embeddable":true,"href":"https:\/\/blogs.hoy.es\/Juandomingofernandez\/wp-json\/wp\/v2\/users\/13"}],"replies":[{"embeddable":true,"href":"https:\/\/blogs.hoy.es\/Juandomingofernandez\/wp-json\/wp\/v2\/comments?post=1109"}],"version-history":[{"count":1,"href":"https:\/\/blogs.hoy.es\/Juandomingofernandez\/wp-json\/wp\/v2\/posts\/1109\/revisions"}],"predecessor-version":[{"id":1110,"href":"https:\/\/blogs.hoy.es\/Juandomingofernandez\/wp-json\/wp\/v2\/posts\/1109\/revisions\/1110"}],"wp:attachment":[{"href":"https:\/\/blogs.hoy.es\/Juandomingofernandez\/wp-json\/wp\/v2\/media?parent=1109"}],"wp:term":[{"taxonomy":"category","embeddable":true,"href":"https:\/\/blogs.hoy.es\/Juandomingofernandez\/wp-json\/wp\/v2\/categories?post=1109"},{"taxonomy":"post_tag","embeddable":true,"href":"https:\/\/blogs.hoy.es\/Juandomingofernandez\/wp-json\/wp\/v2\/tags?post=1109"}],"curies":[{"name":"wp","href":"https:\/\/api.w.org\/{rel}","templated":true}]}}