{"id":111,"date":"2008-10-15T11:31:37","date_gmt":"2008-10-15T11:31:37","guid":{"rendered":"http:\/\/blogs.hoy.es\/Juandomingofernandez\/?p=111"},"modified":"2008-10-15T11:31:37","modified_gmt":"2008-10-15T11:31:37","slug":"como-devanadera","status":"publish","type":"post","link":"https:\/\/blogs.hoy.es\/Juandomingofernandez\/2008\/10\/15\/como-devanadera\/","title":{"rendered":"Como una devanadera"},"content":{"rendered":"<p><strong>Esta semana he acudido a una de esas celebraciones familiares multitudinarias en las que adem\u00e1s de gozar con la comida y la bebida se reencuentra uno con el lenguaje de la infancia. O sea, que la magdalena de Proust en mi caso son unas cuantas palabras enraizadas en el ADN del habla. Me bastan unos pocos giros coloquiales para sobreponerme al vocabulario anor\u00e9xico del d\u00eda a d\u00eda. Expresiones como \u00abese t\u00edo es un calambuco\u00bb o \u00abest\u00e1 m\u00e1s gordo que un trullo\u00bb me transportan de inmediato a la patria acogedora del lenguaje. El otro d\u00eda escuch\u00e9, por ejemplo, dos de esas palabras cargadas de un formidable poder evocador: \u2018somormujo\u2019 y \u2018escullerona\u2019. No busquen la segunda en el diccionario, no la encontrar\u00e1n. Y la primera, s\u00ed, es un ave acu\u00e1tica de alas cortas que vuela poco y se puede mantener mucho tiempo debajo del agua, pero el sentido con el que yo conozco esa palabra no viene tampoco en el diccionario, pues \u2018somormujo\u2019 se utiliza como sin\u00f3nimo de tipo excesivamente taciturno, reservado, introvertido. Lo que se dice un as de las \u2018calladeras\u2019, vamos. La otra palabra, \u2018escullerona\u2019, tiene garbo fon\u00e9tico y es casi una onomatopeya de la idea que representa: una persona entrometida, \u2018mezucona\u2019, que trata de averiguar o sonsacar asuntos que no son exactamente de su incumbencia. (En la prensa rosa hay muchas \u2018esculleronas\u2019). Con todo, si me obligaran a seleccionar un giro o frase para indultarlos del olvido (como se hace ya en alg\u00fan pueblo de C\u00e1ceres) optar\u00eda por la exclamaci\u00f3n que sigue: \u00ab\u00a1Me est\u00e1n poniendo la cabeza como una devanadera!\u00bb \u00bfA que se entiende sin diccionario?<\/strong><\/p>\n<!-- AddThis Advanced Settings generic via filter on the_content --><!-- AddThis Share Buttons generic via filter on the_content -->","protected":false},"excerpt":{"rendered":"<p>Esta semana he acudido a una de esas celebraciones familiares multitudinarias en las que adem\u00e1s de gozar con la comida y la bebida se reencuentra uno con el lenguaje de la infancia. O sea, que la magdalena de Proust en mi caso son unas cuantas palabras enraizadas en el ADN del habla. Me bastan unos [&hellip;]<!-- AddThis Advanced Settings generic via filter on get_the_excerpt --><!-- AddThis Share Buttons generic via filter on get_the_excerpt --><\/p>\n","protected":false},"author":13,"featured_media":0,"comment_status":"open","ping_status":"closed","sticky":false,"template":"","format":"standard","meta":[],"categories":[1],"tags":[338,421,1210,1348],"_links":{"self":[{"href":"https:\/\/blogs.hoy.es\/Juandomingofernandez\/wp-json\/wp\/v2\/posts\/111"}],"collection":[{"href":"https:\/\/blogs.hoy.es\/Juandomingofernandez\/wp-json\/wp\/v2\/posts"}],"about":[{"href":"https:\/\/blogs.hoy.es\/Juandomingofernandez\/wp-json\/wp\/v2\/types\/post"}],"author":[{"embeddable":true,"href":"https:\/\/blogs.hoy.es\/Juandomingofernandez\/wp-json\/wp\/v2\/users\/13"}],"replies":[{"embeddable":true,"href":"https:\/\/blogs.hoy.es\/Juandomingofernandez\/wp-json\/wp\/v2\/comments?post=111"}],"version-history":[{"count":0,"href":"https:\/\/blogs.hoy.es\/Juandomingofernandez\/wp-json\/wp\/v2\/posts\/111\/revisions"}],"wp:attachment":[{"href":"https:\/\/blogs.hoy.es\/Juandomingofernandez\/wp-json\/wp\/v2\/media?parent=111"}],"wp:term":[{"taxonomy":"category","embeddable":true,"href":"https:\/\/blogs.hoy.es\/Juandomingofernandez\/wp-json\/wp\/v2\/categories?post=111"},{"taxonomy":"post_tag","embeddable":true,"href":"https:\/\/blogs.hoy.es\/Juandomingofernandez\/wp-json\/wp\/v2\/tags?post=111"}],"curies":[{"name":"wp","href":"https:\/\/api.w.org\/{rel}","templated":true}]}}