{"id":1112,"date":"2020-10-22T09:25:55","date_gmt":"2020-10-22T08:25:55","guid":{"rendered":"http:\/\/blogs.hoy.es\/Juandomingofernandez\/?p=1112"},"modified":"2020-10-22T09:29:48","modified_gmt":"2020-10-22T08:29:48","slug":"el-cura-marcelo-blazquez","status":"publish","type":"post","link":"https:\/\/blogs.hoy.es\/Juandomingofernandez\/2020\/10\/22\/el-cura-marcelo-blazquez\/","title":{"rendered":"El cura Marcelo Bl\u00e1zquez"},"content":{"rendered":"<p>La muerte le sorprendi\u00f3 en Albany, la capital del Estado de Nueva York, el mi\u00e9rcoles 14 de octubre. Marcelo Bl\u00e1zquez Rodrigo, el cura Marcelo, hab\u00eda nacido en Serradilla, C\u00e1ceres, el 7 de octubre de 1936, pero resid\u00eda en los Estados Unidos desde junio de 1973, a donde march\u00f3 para pasar tres meses que se convirtieron en casi medio siglo. Pocas semanas antes de su muerte habl\u00e9 por tel\u00e9fono con \u00e9l y me coment\u00f3 que pensaba vender aquella casa y volverse definitivamente a Serradilla en Navidades. La vida de Marcelo Bl\u00e1zquez, \u2013lo he dicho y publicado en repetidas ocasiones\u2013 merece tanta atenci\u00f3n como la que \u00e9l prest\u00f3 a los personajes que pueblan sus libros, desde los testimoniales y memorias hasta los de vocaci\u00f3n acad\u00e9mica e investigadora. Maestro y sacerdote, licenciado en Filosof\u00eda y Letras y doctor por la Universidad de Nueva York con una tesis sobre \u2018La Gatomaquia de Lope de Vega\u2019 que le dirigi\u00f3 don Manuel Alvar (durante a\u00f1os tambi\u00e9n vecino suyo en Albany) el cura Marcelo hab\u00eda demostrado previamente sus destrezas como profesor de Religi\u00f3n, corresponsal de radio y prensa escrita, pianista y organista, diplomado por la Escuela Superior de M\u00fasica Sagrada de Madrid, fundador y monitor de clubes juveniles, activista cultural y autor de \u2018Pinceles para la paz\u2019, una biograf\u00eda del singular\u00edsimo personaje y pintor extreme\u00f1o Belisario S\u00e1nchez Mateos.<\/p>\n<p>Tras su nombramiento inicial como director del apostolado hispano de la di\u00f3cesis de Albany, el obispo le design\u00f3 capell\u00e1n cat\u00f3lico de las c\u00e1rceles de m\u00e1xima seguridad (Comstock, Coxackie, Sullivan) o de seguridad media (Hudson, Annex, Ulster, Woodbourne), ese universo humano que tambi\u00e9n reflej\u00f3 en su libro \u2018Un cura entre rejas\u2019, donde narra las peripecias, entre otros, de aquel Dieguito, condenado por homicidio, lector entusiasta del Quijote que empez\u00f3 proclamando \u00abNi cura, ni Iglesia, ni Dios\u00bb y termin\u00f3 como monaguillo ayud\u00e1ndole a decir misa y prepar\u00e1ndose a tomar la Primera Comuni\u00f3n. Experiencias que luego enriquecer\u00eda con los hispanohablantes de las parroquias de Monticello y Livingston Manor o con los de la granja agropecuaria La Patera, en la que emigrantes mexicanos cr\u00edan cuarenta mil patos.<\/p>\n<p>Siempre le recordar\u00e9 con su vozarr\u00f3n vitalista y su inseparable cachimba, desde hace a\u00f1os sin tabaco. Y sus visitas peri\u00f3dicas a la Redacci\u00f3n de HOY para darnos cuenta de sus nuevos libros: el ya citado \u2018La Gatomaquia\u2019, resumen de su tesis doctoral, publicada por el Consejo Superior de Investigaciones Cient\u00edficas; \u2018La dama del Arpa\u2019 (biograf\u00eda de la concertista Mar\u00eda Rosa Calvo-Manzano); \u2018P\u00edldoras para pensar. Selecci\u00f3n de refranes y dichos populares\u2019, \u2018Un cura entre rejas\u2019; \u2018Revoltijo de recuerdos\u2019 o el ensayo in\u00e9dito \u2018El cuento y su funci\u00f3n en el teatro de Calder\u00f3n de la Barca\u2019.<\/p>\n<p>El cura Marcelo era capaz de montar un despliegue de pel\u00edcula para traerse desde Nueva York \u00a186 casullas! que despu\u00e9s regalar\u00eda a parroquias extreme\u00f1as. Una de las muchas acciones, en fin, que acreditan su sentido hospitalario y generoso, con la sensatez de Sancho Panza y el anhelo de justicia de Don Quijote.<\/p>\n<!-- AddThis Advanced Settings generic via filter on the_content --><!-- AddThis Share Buttons generic via filter on the_content -->","protected":false},"excerpt":{"rendered":"<p>La muerte le sorprendi\u00f3 en Albany, la capital del Estado de Nueva York, el mi\u00e9rcoles 14 de octubre. Marcelo Bl\u00e1zquez Rodrigo, el cura Marcelo, hab\u00eda nacido en Serradilla, C\u00e1ceres, el 7 de octubre de 1936, pero resid\u00eda en los Estados Unidos desde junio de 1973, a donde march\u00f3 para pasar tres meses que se convirtieron [&hellip;]<!-- AddThis Advanced Settings generic via filter on get_the_excerpt --><!-- AddThis Share Buttons generic via filter on get_the_excerpt --><\/p>\n","protected":false},"author":13,"featured_media":0,"comment_status":"open","ping_status":"closed","sticky":false,"template":"","format":"standard","meta":[],"categories":[1],"tags":[1916,1914,1915],"_links":{"self":[{"href":"https:\/\/blogs.hoy.es\/Juandomingofernandez\/wp-json\/wp\/v2\/posts\/1112"}],"collection":[{"href":"https:\/\/blogs.hoy.es\/Juandomingofernandez\/wp-json\/wp\/v2\/posts"}],"about":[{"href":"https:\/\/blogs.hoy.es\/Juandomingofernandez\/wp-json\/wp\/v2\/types\/post"}],"author":[{"embeddable":true,"href":"https:\/\/blogs.hoy.es\/Juandomingofernandez\/wp-json\/wp\/v2\/users\/13"}],"replies":[{"embeddable":true,"href":"https:\/\/blogs.hoy.es\/Juandomingofernandez\/wp-json\/wp\/v2\/comments?post=1112"}],"version-history":[{"count":1,"href":"https:\/\/blogs.hoy.es\/Juandomingofernandez\/wp-json\/wp\/v2\/posts\/1112\/revisions"}],"predecessor-version":[{"id":1113,"href":"https:\/\/blogs.hoy.es\/Juandomingofernandez\/wp-json\/wp\/v2\/posts\/1112\/revisions\/1113"}],"wp:attachment":[{"href":"https:\/\/blogs.hoy.es\/Juandomingofernandez\/wp-json\/wp\/v2\/media?parent=1112"}],"wp:term":[{"taxonomy":"category","embeddable":true,"href":"https:\/\/blogs.hoy.es\/Juandomingofernandez\/wp-json\/wp\/v2\/categories?post=1112"},{"taxonomy":"post_tag","embeddable":true,"href":"https:\/\/blogs.hoy.es\/Juandomingofernandez\/wp-json\/wp\/v2\/tags?post=1112"}],"curies":[{"name":"wp","href":"https:\/\/api.w.org\/{rel}","templated":true}]}}