{"id":1126,"date":"2020-11-26T12:08:50","date_gmt":"2020-11-26T11:08:50","guid":{"rendered":"http:\/\/blogs.hoy.es\/Juandomingofernandez\/?p=1126"},"modified":"2020-11-26T12:08:50","modified_gmt":"2020-11-26T11:08:50","slug":"enrique-moradiellos","status":"publish","type":"post","link":"https:\/\/blogs.hoy.es\/Juandomingofernandez\/2020\/11\/26\/enrique-moradiellos\/","title":{"rendered":"Enrique Moradiellos"},"content":{"rendered":"<p>Desde el pasado viernes Enrique Moradiellos (Oviedo, 1961), catedr\u00e1tico de Historia Contempor\u00e1nea en la Universidad de Extremadura, es acad\u00e9mico de n\u00famero de la Real Academia de la Historia (RAH). Su elecci\u00f3n para cubrir la vacante por fallecimiento de Faustino Men\u00e9ndez-Pidal de Navascu\u00e9s constituye una bocanada de aire fresco, no solo porque accede con 59 a\u00f1os a una instituci\u00f3n cuyos miembros son vitalicios, sino por la pol\u00e9mica que supuso \u2013como recordaba Julio N\u00fa\u00f1ez en \u2018El Pa\u00eds\u2019\u2013 aquel \u2018Diccionario biogr\u00e1fico espa\u00f1ol\u2019, impulsado precisamente por la RAH, en el que se elud\u00eda hablar de Franco como \u2018dictador\u2019 y se consideraba su r\u00e9gimen \u2018autoritario\u2019, pero no \u2018totalitario\u2019.<\/p>\n<p>Sin embargo, a m\u00ed me parece que la llegada de Enrique Moradiellos a la Academia de la Historia trasciende esas an\u00e9cdotas y le prestigian a \u00e9l y a la Universidad de Extremadura, donde ense\u00f1a, no tanto porque uno de sus libros se titule, inequ\u00edvocamente: \u2018Franco. Anatom\u00eda de un dictador\u2019, ni por el hecho de que lo hayan apadrinado los profesores y acad\u00e9micos Carmen Sanz Ayan, Juan Pablo Fusi y Luis Antonio Ribot, sino porque el conjunto de su prol\u00edfica trayectoria investigadora lo recorren la ecuanimidad y el antisectarismo.<\/p>\n<p>Hay una an\u00e9cdota que ilustra muy bien esa mec\u00e1nica de trabajo. Cuenta Moradiellos que cuando estaba en la Universidad de Londres, aprendiendo con Paul Preston, y le planteaba al prestigioso historiador brit\u00e1nico cuestiones del tipo: \u00abPues el proletariado dice\u2026\u00bb, \u00e9l respond\u00eda en ingl\u00e9s: \u00ab\u00bfY qui\u00e9n es ese se\u00f1or, qui\u00e9n es el proletariado?\u00bb. Es decir, nada de abstracciones. Nada de protagonistas sin nombre. Hay personas, hay sindicatos. Hay obreros cat\u00f3licos que se enfrentaban a otros que no lo son. \u00abTe obligaba a pensar\u00bb. Fuera abstracciones y planteamientos manique\u00edstas, pues la tarea del historiador no es se\u00f1alar aqu\u00ed los buenos y all\u00e1 los malos, sino establecer \u00ablos grados de responsabilidad\u00bb. En la primavera de 2010 publiqu\u00e9 en mi serie Zona de Paso una entrevista con Enrique Moradiellos donde adem\u00e1s de advertir sobre el peligro que entra\u00f1an \u00ablas lecturas presentistas del pasado reciente\u00bb, niega que la historia siempre la escriban los vencedores: \u00abLa versi\u00f3n de un Manuel Aza\u00f1a sobre lo que pasa en la guerra no tiene nada que ver con la de Diego Abad de Santill\u00e1n, que lo escribe el mismo a\u00f1o 1939, en el exilio, o con la misma historia oficial del Partido Comunista que dirige la comisi\u00f3n que preside Dolores Ib\u00e1rruri \u2018La Pasionaria\u2019. La versi\u00f3n de la guerra como conquista de Euskadi por Castilla o de Catalu\u00f1a por Castilla no tienen nada que ver con la versi\u00f3n republicana\u00bb.<\/p>\n<p>En realidad, su elecci\u00f3n como acad\u00e9mico puede interpretarse tambi\u00e9n como un \u00e9xito consecuente con el rigor y relevancia de un historiador que ha escrito, entre otras obras, \u2018El re\u00f1idero de Europa. Las dimensiones internacionales de la guerra civil espa\u00f1ola\u2019 (2001), \u2018Don Juan Negr\u00edn. Una biograf\u00eda\u2019 (2006) o \u2018Historia m\u00ednima de la Guerra Civil Espa\u00f1ola\u2019, galardonada en el a\u00f1o 2017 con el Premio Nacional de Historia.<\/p>\n<!-- AddThis Advanced Settings generic via filter on the_content --><!-- AddThis Share Buttons generic via filter on the_content -->","protected":false},"excerpt":{"rendered":"<p>Desde el pasado viernes Enrique Moradiellos (Oviedo, 1961), catedr\u00e1tico de Historia Contempor\u00e1nea en la Universidad de Extremadura, es acad\u00e9mico de n\u00famero de la Real Academia de la Historia (RAH). Su elecci\u00f3n para cubrir la vacante por fallecimiento de Faustino Men\u00e9ndez-Pidal de Navascu\u00e9s constituye una bocanada de aire fresco, no solo porque accede con 59 a\u00f1os [&hellip;]<!-- AddThis Advanced Settings generic via filter on get_the_excerpt --><!-- AddThis Share Buttons generic via filter on get_the_excerpt --><\/p>\n","protected":false},"author":13,"featured_media":0,"comment_status":"open","ping_status":"closed","sticky":false,"template":"","format":"standard","meta":[],"categories":[1],"tags":[],"_links":{"self":[{"href":"https:\/\/blogs.hoy.es\/Juandomingofernandez\/wp-json\/wp\/v2\/posts\/1126"}],"collection":[{"href":"https:\/\/blogs.hoy.es\/Juandomingofernandez\/wp-json\/wp\/v2\/posts"}],"about":[{"href":"https:\/\/blogs.hoy.es\/Juandomingofernandez\/wp-json\/wp\/v2\/types\/post"}],"author":[{"embeddable":true,"href":"https:\/\/blogs.hoy.es\/Juandomingofernandez\/wp-json\/wp\/v2\/users\/13"}],"replies":[{"embeddable":true,"href":"https:\/\/blogs.hoy.es\/Juandomingofernandez\/wp-json\/wp\/v2\/comments?post=1126"}],"version-history":[{"count":1,"href":"https:\/\/blogs.hoy.es\/Juandomingofernandez\/wp-json\/wp\/v2\/posts\/1126\/revisions"}],"predecessor-version":[{"id":1127,"href":"https:\/\/blogs.hoy.es\/Juandomingofernandez\/wp-json\/wp\/v2\/posts\/1126\/revisions\/1127"}],"wp:attachment":[{"href":"https:\/\/blogs.hoy.es\/Juandomingofernandez\/wp-json\/wp\/v2\/media?parent=1126"}],"wp:term":[{"taxonomy":"category","embeddable":true,"href":"https:\/\/blogs.hoy.es\/Juandomingofernandez\/wp-json\/wp\/v2\/categories?post=1126"},{"taxonomy":"post_tag","embeddable":true,"href":"https:\/\/blogs.hoy.es\/Juandomingofernandez\/wp-json\/wp\/v2\/tags?post=1126"}],"curies":[{"name":"wp","href":"https:\/\/api.w.org\/{rel}","templated":true}]}}