{"id":1129,"date":"2020-12-03T20:17:12","date_gmt":"2020-12-03T19:17:12","guid":{"rendered":"http:\/\/blogs.hoy.es\/Juandomingofernandez\/?p=1129"},"modified":"2020-12-03T20:17:12","modified_gmt":"2020-12-03T19:17:12","slug":"la-hemeroteca-de-babel","status":"publish","type":"post","link":"https:\/\/blogs.hoy.es\/Juandomingofernandez\/2020\/12\/03\/la-hemeroteca-de-babel\/","title":{"rendered":"La hemeroteca de Babel"},"content":{"rendered":"<p>Reconozco que estos d\u00edas en que vislumbramos la luz al final del t\u00fanel, quiz\u00e1s lo m\u00e1s interesante no sea cu\u00e1ndo y c\u00f3mo concluir\u00e1 definitivamente la \u2018anormalidad\u2019 de la pandemia, sino las conclusiones de los estudios sobre nuestro pesimismo y resiliencia ante la crisis. Comprobar si es cierto aquello de la filosof\u00eda griega: el car\u00e1cter es el destino, \u2013en el caso de que pueda hablarse del car\u00e1cter de un pa\u00eds, de una naci\u00f3n\u2013 porque seg\u00fan Juli\u00e1n Mar\u00edas \u00ablos espa\u00f1oles creemos autom\u00e1ticamente, a pie juntillas, todo lo que puede desalentarnos\u00bb y en especial, me parece a m\u00ed, cuando lo que se enjuicia es justamente nuestro nivel de autoestima, nuestra opini\u00f3n al mirarnos en el espejo de la historia nacional, ese desaliento derrotista que refrenda el t\u00edtulo famoso de S\u00e1nchez Drag\u00f3: \u2018Y si habla mal de Espa\u00f1a\u2026 es espa\u00f1ol\u2019.<\/p>\n<p>Acaban de regalarme el libro \u2018Rubalcaba. Un pol\u00edtico de verdad\u2019, de Antonio Ca\u00f1o, periodista y ex director de \u2018El Pa\u00eds\u2019. En sus p\u00e1ginas se traza el retrato de un verdadero hombre de Estado, qu\u00edmico de formaci\u00f3n, que sirve durante treinta a\u00f1os a la democracia y quien al despedirse de la pol\u00edtica activa regresa a su casa de siempre y a su trabajo en la universidad. Un retrato poli\u00e9drico elaborado a partir de las voces y testimonios de m\u00faltiples amigos y colaboradores que concluyen, sin embargo, en un reconocimiento un\u00e1nime: a la hora de elegir, Alfredo P\u00e9rez Rubalcaba antepon\u00eda el Estado, en segundo lugar el partido y en \u00faltimo, \u00e9l. Nada de arribismo y jam\u00e1s deslealtad.<\/p>\n<p>Una vez superado el trance del maldito virus, el problema acuciante que tendr\u00e1n que abordar nuestros responsables pol\u00edticos \u2013el dinosaurio de Monterroso sigue ah\u00ed\u2013 es la gobernabilidad de un Estado con fuerzas centr\u00edfugas cada vez m\u00e1s aceleradas. En ese sentido me parecen reveladoras las palabras de Antonio Ca\u00f1o cuando en una entrevista en \u2018El Mundo\u2019 le preguntan por las diferencias entre el PSOE de Rubalcaba y el de S\u00e1nchez: \u00abEl PSOE ha estado siempre en la izquierda, pero la izquierda solidaria, por el progreso, la igualdad, la justicia. La del PSOE es la izquierda antinacionalista y antiidentitaria, que est\u00e1 por los ciudadanos, no por las identidades\u00bb.<\/p>\n<p>Sea o no cierta esa m\u00e1xima que se atribuye a Napole\u00f3n: \u00abNada va bien en un sistema pol\u00edtico en el que las palabras contradicen a los hechos\u00bb, todos sabemos que en la era del populismo, la digitalizaci\u00f3n y las mentiras, contradecirse y enga\u00f1ar sin recato son acciones que no se penalizan en la urnas, quiz\u00e1s porque es sabido que, a la velocidad con que se suceden los mensajes y transcurrido el tiempo, nadie, ni siquiera una hipot\u00e9tica hemeroteca de Babel, podr\u00eda record\u00e1rnoslo con una advertencia y una campanita. Ahora vale cualquier afirmaci\u00f3n. Cuando a una vieja conocida le reprochaban que incurriera en contradicciones y cambios de criterio, siempre argumentaba como justificaci\u00f3n de la misma forma: \u00abMe cago en todo lo que he dicho\u00bb. Y a navegar.<\/p>\n<!-- AddThis Advanced Settings generic via filter on the_content --><!-- AddThis Share Buttons generic via filter on the_content -->","protected":false},"excerpt":{"rendered":"<p>Reconozco que estos d\u00edas en que vislumbramos la luz al final del t\u00fanel, quiz\u00e1s lo m\u00e1s interesante no sea cu\u00e1ndo y c\u00f3mo concluir\u00e1 definitivamente la \u2018anormalidad\u2019 de la pandemia, sino las conclusiones de los estudios sobre nuestro pesimismo y resiliencia ante la crisis. Comprobar si es cierto aquello de la filosof\u00eda griega: el car\u00e1cter es [&hellip;]<!-- AddThis Advanced Settings generic via filter on get_the_excerpt --><!-- AddThis Share Buttons generic via filter on get_the_excerpt --><\/p>\n","protected":false},"author":13,"featured_media":0,"comment_status":"open","ping_status":"closed","sticky":false,"template":"","format":"standard","meta":[],"categories":[1],"tags":[1927,1926,1869,319,422,1929,1024,1383,1928],"_links":{"self":[{"href":"https:\/\/blogs.hoy.es\/Juandomingofernandez\/wp-json\/wp\/v2\/posts\/1129"}],"collection":[{"href":"https:\/\/blogs.hoy.es\/Juandomingofernandez\/wp-json\/wp\/v2\/posts"}],"about":[{"href":"https:\/\/blogs.hoy.es\/Juandomingofernandez\/wp-json\/wp\/v2\/types\/post"}],"author":[{"embeddable":true,"href":"https:\/\/blogs.hoy.es\/Juandomingofernandez\/wp-json\/wp\/v2\/users\/13"}],"replies":[{"embeddable":true,"href":"https:\/\/blogs.hoy.es\/Juandomingofernandez\/wp-json\/wp\/v2\/comments?post=1129"}],"version-history":[{"count":1,"href":"https:\/\/blogs.hoy.es\/Juandomingofernandez\/wp-json\/wp\/v2\/posts\/1129\/revisions"}],"predecessor-version":[{"id":1130,"href":"https:\/\/blogs.hoy.es\/Juandomingofernandez\/wp-json\/wp\/v2\/posts\/1129\/revisions\/1130"}],"wp:attachment":[{"href":"https:\/\/blogs.hoy.es\/Juandomingofernandez\/wp-json\/wp\/v2\/media?parent=1129"}],"wp:term":[{"taxonomy":"category","embeddable":true,"href":"https:\/\/blogs.hoy.es\/Juandomingofernandez\/wp-json\/wp\/v2\/categories?post=1129"},{"taxonomy":"post_tag","embeddable":true,"href":"https:\/\/blogs.hoy.es\/Juandomingofernandez\/wp-json\/wp\/v2\/tags?post=1129"}],"curies":[{"name":"wp","href":"https:\/\/api.w.org\/{rel}","templated":true}]}}