{"id":1131,"date":"2020-12-10T13:23:41","date_gmt":"2020-12-10T12:23:41","guid":{"rendered":"http:\/\/blogs.hoy.es\/Juandomingofernandez\/?p=1131"},"modified":"2020-12-10T13:23:41","modified_gmt":"2020-12-10T12:23:41","slug":"espiritu-critico","status":"publish","type":"post","link":"https:\/\/blogs.hoy.es\/Juandomingofernandez\/2020\/12\/10\/espiritu-critico\/","title":{"rendered":"Esp\u00edritu cr\u00edtico"},"content":{"rendered":"<p>Un reproche habitual a cualquier sociedad atrasada econ\u00f3micamente es su tendencia a la pasividad, su escaso dinamismo, su falta de iniciativas innovadoras, aunque en ocasiones el atraso no quepa atribuirlo precisamente a la desidia oficialista, sino al rev\u00e9s: a un exceso de proteccionismo que en vez de promover el desarrollo, lo anestesia.<\/p>\n<p>Cuando una sociedad est\u00e1 recibiendo ayudas y subvenciones de forma continua, se zancadillea el valor del esfuerzo, el esp\u00edritu de sacrificio, la cultura del compromiso; en ese sentido, las subvenciones \u2013no hablo, claro est\u00e1, de ayudas \u2018incuestionables\u2019\u2013 acaban siendo caramelos envenenados, trampas paralizantes donde tan solo prende, a medio o largo plazo, la semilla del fracaso y la frustraci\u00f3n.<\/p>\n<p>A cualquiera se nos vienen a la cabeza ejemplos en los que dicha estrategia desemboca en cepo mortal para proyectos empresariales que no resultaron viables por su condici\u00f3n enclenque, falta de m\u00fasculo creativo o nulas perspectivas de futuro. Modelos en los que la supervivencia estaba ligada desde sus inicios a la concesi\u00f3n de ayudas concebidas como man\u00e1, premios para cazadores de subvenciones, no como impulso y est\u00edmulo. En el peor de los casos, simples d\u00e1divas clientelares.<\/p>\n<p>Al igual que sucede en el \u00e1mbito estricto de la econom\u00eda, yo creo que en el plano pol\u00edtico se da tambi\u00e9n un \u2018exceso\u2019 de subvenciones que debilita la fortaleza ciudadana y moral. \u00bfCu\u00e1ndo se produce ese fen\u00f3meno? En mi opini\u00f3n, cuando el hombre de la calle se desentiende del compromiso que exige la pr\u00e1ctica democr\u00e1tica y se limita a votar cada equis a\u00f1os, content\u00e1ndose con el \u2018obsequio\u2019 de una actividad pol\u00edtica pasiva; es decir, un encargo cuya funci\u00f3n principal consiste en compartir sin rechistar las ideas de los suyos, odiar o menospreciar las ideas de quienes no piensan como ellos o, incluso, odiar, menospreciar e ignorar al resto de adversarios pol\u00edticos. Por si fuera poco, lo que el hombre de la calle percibe desde esa \u2018caverna de Plat\u00f3n\u2019 no son debates racionales, controversias acad\u00e9micas o discusiones civilizadas; lo que encuentra a diario es el pandem\u00f3nium de la pol\u00edtica de declaraciones; el seguidismo que marca el gabinete correspondiente con el descaro c\u00ednico de quien defiende un \u00fanico lema tatuado en la memoria: El que venga detr\u00e1s que arree. Mi futuro soy yo.<\/p>\n<p>Por eso, ante situaciones pol\u00edticas enturbiadas, quiz\u00e1s lo primordial sea cultivar el esp\u00edritu cr\u00edtico y las actitudes abiertas, sin sectarismo, racionales y realistas; recordando la vieja m\u00e1xima de Joubert: \u00abLos que nunca var\u00edan de opini\u00f3n se aman a s\u00ed mismos m\u00e1s que a la verdad\u00bb. Y en el plano de la econom\u00eda, apostar por la voluntad transformadora, por la innovaci\u00f3n y el talento. \u00abLa oscuridad nos envuelve a todos\u00bb, dec\u00eda Anatole France, \u00abpero mientras el sabio tropieza con una pared, el ignorante est\u00e1 tranquilo en el centro de la estancia\u00bb. Los sabios imprescindibles son los que se mueven, se sacrifican e innovan; no quienes aguardan \u2013indolentes en mitad de la estancia\u2013 el man\u00e1 de la subvenci\u00f3n.<\/p>\n<!-- AddThis Advanced Settings generic via filter on the_content --><!-- AddThis Share Buttons generic via filter on the_content -->","protected":false},"excerpt":{"rendered":"<p>Un reproche habitual a cualquier sociedad atrasada econ\u00f3micamente es su tendencia a la pasividad, su escaso dinamismo, su falta de iniciativas innovadoras, aunque en ocasiones el atraso no quepa atribuirlo precisamente a la desidia oficialista, sino al rev\u00e9s: a un exceso de proteccionismo que en vez de promover el desarrollo, lo anestesia. Cuando una sociedad [&hellip;]<!-- AddThis Advanced Settings generic via filter on get_the_excerpt --><!-- AddThis Share Buttons generic via filter on get_the_excerpt --><\/p>\n","protected":false},"author":13,"featured_media":0,"comment_status":"open","ping_status":"closed","sticky":false,"template":"","format":"standard","meta":[],"categories":[1],"tags":[1841,319,371,422,701,1024],"_links":{"self":[{"href":"https:\/\/blogs.hoy.es\/Juandomingofernandez\/wp-json\/wp\/v2\/posts\/1131"}],"collection":[{"href":"https:\/\/blogs.hoy.es\/Juandomingofernandez\/wp-json\/wp\/v2\/posts"}],"about":[{"href":"https:\/\/blogs.hoy.es\/Juandomingofernandez\/wp-json\/wp\/v2\/types\/post"}],"author":[{"embeddable":true,"href":"https:\/\/blogs.hoy.es\/Juandomingofernandez\/wp-json\/wp\/v2\/users\/13"}],"replies":[{"embeddable":true,"href":"https:\/\/blogs.hoy.es\/Juandomingofernandez\/wp-json\/wp\/v2\/comments?post=1131"}],"version-history":[{"count":1,"href":"https:\/\/blogs.hoy.es\/Juandomingofernandez\/wp-json\/wp\/v2\/posts\/1131\/revisions"}],"predecessor-version":[{"id":1132,"href":"https:\/\/blogs.hoy.es\/Juandomingofernandez\/wp-json\/wp\/v2\/posts\/1131\/revisions\/1132"}],"wp:attachment":[{"href":"https:\/\/blogs.hoy.es\/Juandomingofernandez\/wp-json\/wp\/v2\/media?parent=1131"}],"wp:term":[{"taxonomy":"category","embeddable":true,"href":"https:\/\/blogs.hoy.es\/Juandomingofernandez\/wp-json\/wp\/v2\/categories?post=1131"},{"taxonomy":"post_tag","embeddable":true,"href":"https:\/\/blogs.hoy.es\/Juandomingofernandez\/wp-json\/wp\/v2\/tags?post=1131"}],"curies":[{"name":"wp","href":"https:\/\/api.w.org\/{rel}","templated":true}]}}