{"id":1142,"date":"2021-01-07T13:08:39","date_gmt":"2021-01-07T12:08:39","guid":{"rendered":"http:\/\/blogs.hoy.es\/Juandomingofernandez\/?p=1142"},"modified":"2021-01-07T13:08:39","modified_gmt":"2021-01-07T12:08:39","slug":"ver-oir-y-grabar","status":"publish","type":"post","link":"https:\/\/blogs.hoy.es\/Juandomingofernandez\/2021\/01\/07\/ver-oir-y-grabar\/","title":{"rendered":"Ver, o\u00edr y grabar"},"content":{"rendered":"<p>La brutal paliza que varios adolescentes dieron a un menor el pasado domingo en Sants (Barcelona) se ha convertido inmediatamente en uno de esos episodios que incendian las redes sociales y convocan la solidaridad con la v\u00edctima, empezando por las asociaciones en defensa de las personas con trastornos del espectro autista y terminando por distintos representantes p\u00fablicos, entre ellos el presidente del Gobierno, Pedro S\u00e1nchez. Adem\u00e1s de recibir patadas, pu\u00f1etazos y empujones, al menor le robaron su tel\u00e9fono m\u00f3vil. \u00bfLa circunstancia clave? El ensa\u00f1amiento cruel fue grabado en v\u00eddeo y difundido de forma masiva en Twitter y otras redes sociales.<\/p>\n<p>Este episodio me recuerda al de aquella chica de 14 a\u00f1os, agredida brutalmente por otra menor en marzo de 2014, en las proximidades de un centro educativo de Sabadell y mientras era pateada, golpeada en la cabeza y arrastrada por el cabello, otras compa\u00f1eras grababan la escena con el m\u00f3vil y no intentaron siquiera sujetar a la agresora. Ver, o\u00edr y grabar.<\/p>\n<p>Es verdad que la violencia entre j\u00f3venes ha existido siempre, pero el aspecto novedoso e inquietante que se repite en estos \u00faltimos episodios es la \u2018banalizaci\u00f3n de la violencia\u2019, si puede decirse as\u00ed, su utilizaci\u00f3n como recurso \u2018espect\u00e1culo\u2019: reproducir unos pocos segundos de v\u00eddeo para conseguir visitas, \u2018me gustas\u2019 o aspirar a la fama ef\u00edmera del \u2018trending topic\u2019. Quiz\u00e1s lo \u00fanico positivo de esas visualizaciones masivas radique en que adem\u00e1s de ilustrar a la sociedad sobre comportamientos no precisamente ejemplares, en bastantes ocasiones sirven de prueba judicial para localizar y detener a los culpables. Multiplican el da\u00f1o pero posibilitan el remedio.<\/p>\n<p>Sin embargo, creo que con esta paliza al joven autista en Sants se sube un nuevo pelda\u00f1o en la escalada de violencia contra los menores. En 2012 la Organizaci\u00f3n Mundial de la Salud advirti\u00f3 en un estudio publicado por la revista cient\u00edfica \u2018The Lancet\u2019 que los menores de 18 a\u00f1os discapacitados corren un riesgo cuatro veces mayor de sufrir violencia que los ni\u00f1os sin discapacidad.<\/p>\n<p>Por eso resultan tan dolorosamente abominables las im\u00e1genes de esta agresi\u00f3n. Cualquier ser humano con una pizca de sensibilidad y empat\u00eda se apiada enseguida del d\u00e9bil \u2013m\u00e1s a\u00fan si es un menor\u2013, a quien tres o cuatro adolescentes acorralan, golpean y derriban con palmaria impunidad. En tales circunstancias, el agredido es doblemente v\u00edctima, por las dificultades pr\u00e1cticas para defenderse que representan su autismo y por las dificultades madurativas para \u2018comprender\u2019 o asumir lo que es pura violencia gratuita.<\/p>\n<p>Temo tambi\u00e9n que en adelante la pol\u00e9mica derive por otros derroteros. Por ejemplo, poniendo el foco en si lo fundamental ser\u00e1 siempre no difundir sin pixelar las im\u00e1genes de la v\u00edctima, al tratarse de un menor; o especular con disquisiciones pol\u00edticas acerca de si los agresores son j\u00f3venes espa\u00f1oles o de otra nacionalidad. Para m\u00ed, lo intolerable en s\u00ed misma es la propia agresi\u00f3n. \u00bfLo inquietante? La pasividad de quien graba y el silencio de los corderos.<\/p>\n<p>&nbsp;<\/p>\n<!-- AddThis Advanced Settings generic via filter on the_content --><!-- AddThis Share Buttons generic via filter on the_content -->","protected":false},"excerpt":{"rendered":"<p>La brutal paliza que varios adolescentes dieron a un menor el pasado domingo en Sants (Barcelona) se ha convertido inmediatamente en uno de esos episodios que incendian las redes sociales y convocan la solidaridad con la v\u00edctima, empezando por las asociaciones en defensa de las personas con trastornos del espectro autista y terminando por distintos [&hellip;]<!-- AddThis Advanced Settings generic via filter on get_the_excerpt --><!-- AddThis Share Buttons generic via filter on get_the_excerpt --><\/p>\n","protected":false},"author":13,"featured_media":0,"comment_status":"open","ping_status":"closed","sticky":false,"template":"","format":"standard","meta":[],"categories":[1],"tags":[1937,1938,1087,1340],"_links":{"self":[{"href":"https:\/\/blogs.hoy.es\/Juandomingofernandez\/wp-json\/wp\/v2\/posts\/1142"}],"collection":[{"href":"https:\/\/blogs.hoy.es\/Juandomingofernandez\/wp-json\/wp\/v2\/posts"}],"about":[{"href":"https:\/\/blogs.hoy.es\/Juandomingofernandez\/wp-json\/wp\/v2\/types\/post"}],"author":[{"embeddable":true,"href":"https:\/\/blogs.hoy.es\/Juandomingofernandez\/wp-json\/wp\/v2\/users\/13"}],"replies":[{"embeddable":true,"href":"https:\/\/blogs.hoy.es\/Juandomingofernandez\/wp-json\/wp\/v2\/comments?post=1142"}],"version-history":[{"count":1,"href":"https:\/\/blogs.hoy.es\/Juandomingofernandez\/wp-json\/wp\/v2\/posts\/1142\/revisions"}],"predecessor-version":[{"id":1143,"href":"https:\/\/blogs.hoy.es\/Juandomingofernandez\/wp-json\/wp\/v2\/posts\/1142\/revisions\/1143"}],"wp:attachment":[{"href":"https:\/\/blogs.hoy.es\/Juandomingofernandez\/wp-json\/wp\/v2\/media?parent=1142"}],"wp:term":[{"taxonomy":"category","embeddable":true,"href":"https:\/\/blogs.hoy.es\/Juandomingofernandez\/wp-json\/wp\/v2\/categories?post=1142"},{"taxonomy":"post_tag","embeddable":true,"href":"https:\/\/blogs.hoy.es\/Juandomingofernandez\/wp-json\/wp\/v2\/tags?post=1142"}],"curies":[{"name":"wp","href":"https:\/\/api.w.org\/{rel}","templated":true}]}}