{"id":1153,"date":"2021-02-04T17:58:36","date_gmt":"2021-02-04T16:58:36","guid":{"rendered":"http:\/\/blogs.hoy.es\/Juandomingofernandez\/?p=1153"},"modified":"2021-02-04T17:58:36","modified_gmt":"2021-02-04T16:58:36","slug":"portugal-y-los-afectos","status":"publish","type":"post","link":"https:\/\/blogs.hoy.es\/Juandomingofernandez\/2021\/02\/04\/portugal-y-los-afectos\/","title":{"rendered":"Portugal y los afectos"},"content":{"rendered":"<p>Mi madre suele decir que a los entierros nadie te invita. Y enseguida recuerda con orgullo espont\u00e1neo, indisimulado, lo que le dijo una mujer hace d\u00e9cadas, cuando a\u00fan viv\u00eda mi abuelo: \u00abAl entierro de tu padre tiene que ir el pueblo entero\u00bb. \u00ab\u00bfY eso por qu\u00e9\u00bb, pregunt\u00f3 mi madre. \u00abPorque \u00e9l no ha faltado a ninguno\u00bb, respondi\u00f3 la mujer. Mi madre nos ilustra as\u00ed acerca de esos acontecimientos sociales en los que, \u2013al rev\u00e9s, por ejemplo, de bodas, bautizos o comuniones\u2013 lo que cuenta no es la invitaci\u00f3n, sino la voluntad y la disposici\u00f3n de cada uno. Creo que en otras encrucijadas de la vida tambi\u00e9n ocurre igual si el destino te hace un regate imprevisto y nos vienen mal dadas. En tal caso lo que vale es el \u00e1nimo, la actitud emp\u00e1tica o, sencillamente, esas c\u00e1lidas palabras de \u00abya sabes donde estoy para lo que necesites\u00bb. El b\u00e1lsamo del afecto.<\/p>\n<p>Este lunes publicaba Natalia Reigadas una magn\u00edfica informaci\u00f3n y una entrevista con una enfermera pacense que trabaja en la Unidad covid de Elvas sobre los estragos del coronavirus en Portugal, donde algunas de las poblaciones cercanas a Extremadura arrojan cifras de incidencia acumulada inquietantes: Elvas, 1.880 casos por cada cien mil habitantes; Campomayor, 1.884; Estremoz, 2.491, y Borba, uno de los distritos m\u00e1s castigados, 3.652. En esas mismas p\u00e1ginas se daba cuenta del llamamiento en petici\u00f3n de auxilio que ha hecho el Gobierno de Lisboa a la ministra de Defensa alemana, dado que el 70% de los m\u00e9dicos en los hospitales lusos est\u00e1n infectados con el coronavirus. Tambi\u00e9n conoc\u00edamos el ofrecimiento del canciller de Austria a Portugal para recibir en su pa\u00eds a pacientes graves y quitar presi\u00f3n al sistema sanitario luso.<\/p>\n<p>\u00bfY Extremadura? A m\u00ed me consuela saber que nuestra comunidad no se ha puesto de perfil en este asunto. Desde el primer instante, a trav\u00e9s del Ministerio de Sanidad espa\u00f1ol (dado que \u00abla pol\u00edtica exterior es competencia del Gobierno de Espa\u00f1a\u00bb) se ha mostrado disponibilidad para \u2013cada uno \u00abdentro de sus posibilidades\u00bb\u2013 contribuir a mejorar la situaci\u00f3n. En encrucijadas como esta, plena de incertidumbre y riesgos, es donde hay que dar la cara y afrontar las responsabilidades de la vecindad y de la hermandad real, efectiva, no solo para la galer\u00eda.<\/p>\n<p>La ayuda que m\u00e1s se agradece es la que recibimos incluso sin necesidad de pedirla. Si cuando ofreces auxilio lo haces \u2018en justa correspondencia\u2019 no practicas ning\u00fan tipo de virtud, de generosidad, solo intercambias una recompensa. Ocurre, en \u00faltimo extremo, que ante una pandemia devastadora como la del coronavirus, ayudar al vecino es m\u00e1s que nunca ayudarse a uno mismo. Supongo que en Extremadura habr\u00e1 reticentes que ya estar\u00e1n exclamando: \u00ab\u00a1Pues estamos aqu\u00ed como para socorrer\u2026!\u00bb, pero conf\u00edo en que sean los menos. \u00abNo se cava con el mango de la azada, pero el mango ayuda a cavar\u00bb, ense\u00f1a un proverbio africano. Ah\u00ed puede estar, quiz\u00e1s, nuestra contribuci\u00f3n.<\/p>\n<p>&nbsp;<\/p>\n<!-- AddThis Advanced Settings generic via filter on the_content --><!-- AddThis Share Buttons generic via filter on the_content -->","protected":false},"excerpt":{"rendered":"<p>Mi madre suele decir que a los entierros nadie te invita. Y enseguida recuerda con orgullo espont\u00e1neo, indisimulado, lo que le dijo una mujer hace d\u00e9cadas, cuando a\u00fan viv\u00eda mi abuelo: \u00abAl entierro de tu padre tiene que ir el pueblo entero\u00bb. \u00ab\u00bfY eso por qu\u00e9\u00bb, pregunt\u00f3 mi madre. \u00abPorque \u00e9l no ha faltado a [&hellip;]<!-- AddThis Advanced Settings generic via filter on get_the_excerpt --><!-- AddThis Share Buttons generic via filter on get_the_excerpt --><\/p>\n","protected":false},"author":13,"featured_media":0,"comment_status":"open","ping_status":"closed","sticky":false,"template":"","format":"standard","meta":[],"categories":[1],"tags":[1863,422,456,1877,1769],"_links":{"self":[{"href":"https:\/\/blogs.hoy.es\/Juandomingofernandez\/wp-json\/wp\/v2\/posts\/1153"}],"collection":[{"href":"https:\/\/blogs.hoy.es\/Juandomingofernandez\/wp-json\/wp\/v2\/posts"}],"about":[{"href":"https:\/\/blogs.hoy.es\/Juandomingofernandez\/wp-json\/wp\/v2\/types\/post"}],"author":[{"embeddable":true,"href":"https:\/\/blogs.hoy.es\/Juandomingofernandez\/wp-json\/wp\/v2\/users\/13"}],"replies":[{"embeddable":true,"href":"https:\/\/blogs.hoy.es\/Juandomingofernandez\/wp-json\/wp\/v2\/comments?post=1153"}],"version-history":[{"count":1,"href":"https:\/\/blogs.hoy.es\/Juandomingofernandez\/wp-json\/wp\/v2\/posts\/1153\/revisions"}],"predecessor-version":[{"id":1154,"href":"https:\/\/blogs.hoy.es\/Juandomingofernandez\/wp-json\/wp\/v2\/posts\/1153\/revisions\/1154"}],"wp:attachment":[{"href":"https:\/\/blogs.hoy.es\/Juandomingofernandez\/wp-json\/wp\/v2\/media?parent=1153"}],"wp:term":[{"taxonomy":"category","embeddable":true,"href":"https:\/\/blogs.hoy.es\/Juandomingofernandez\/wp-json\/wp\/v2\/categories?post=1153"},{"taxonomy":"post_tag","embeddable":true,"href":"https:\/\/blogs.hoy.es\/Juandomingofernandez\/wp-json\/wp\/v2\/tags?post=1153"}],"curies":[{"name":"wp","href":"https:\/\/api.w.org\/{rel}","templated":true}]}}