{"id":1158,"date":"2021-02-18T22:07:41","date_gmt":"2021-02-18T21:07:41","guid":{"rendered":"http:\/\/blogs.hoy.es\/Juandomingofernandez\/?p=1158"},"modified":"2021-02-18T22:07:41","modified_gmt":"2021-02-18T21:07:41","slug":"las-estatuas","status":"publish","type":"post","link":"https:\/\/blogs.hoy.es\/Juandomingofernandez\/2021\/02\/18\/las-estatuas\/","title":{"rendered":"Las estatuas"},"content":{"rendered":"<p>La \u00fanica estatua ecuestre con que cuenta C\u00e1ceres es la de Hern\u00e1n Cort\u00e9s, obra del escultor extreme\u00f1o Enrique P\u00e9rez Comendador. Recuerdo que nada m\u00e1s levantarse el monumento, en los a\u00f1os ochenta del pasado siglo, hubo cierta pol\u00e9mica tras conocerse el enorme parecido de esta escultura con la dedicada a Pedro de Valdivia en Santiago de Chile, tambi\u00e9n debida a P\u00e9rez Comendador. C\u00e1ceres luc\u00eda al fin la figura de un jinete a caballo, aunque el caballo y el conquistador, excepto la cabeza, pareciesen un duplicado. Por otra parte, lo novedoso del conjunto escult\u00f3rico o el hecho de ocupar una c\u00e9ntrica glorieta \u2013paso obligado a La Madrila cuando la llamada \u2018movida cacere\u00f1a\u2019 alcanzaba su apogeo\u2013 propiciaron tambi\u00e9n m\u00e1s de una subida colectiva a la grupa del caballo, donde los j\u00f3venes se encaramaban de madrugada quiz\u00e1s para conquistar la ebriedad de la fiesta.<\/p>\n<p>El aislamiento obligado por la pandemia hace que a\u00f1ore los viajes a tierras lejanas. Paseos por ciudades y pueblos donde el recuerdo cristaliza, siguiendo el azar de la memoria, en un cuadro, en un paisaje, tal vez en la estatua solitaria de un parque. A\u00fan recuerdo, a mis veintipocos a\u00f1os, la noche en que llegu\u00e9 al Hotel Victoria de Ronda y descubr\u00ed en un jardincillo, cerca del tajo y orientada hacia la serran\u00eda, la estatua de Rilke, obra del escultor Nicomedes D\u00edaz Piquero. En la soledad de aquellas horas me domin\u00f3 una emoci\u00f3n similar a la descrita por el propio Rilke en una de sus cartas desde Ronda a Lou Andreas-Salom\u00e9: \u00abY ahora estoy aqu\u00ed y miro y miro hasta dolerme los ojos, y trato de grabarme lo que estoy viendo y me lo repito como si tuviera que aprenderlo de memoria\u00bb.<\/p>\n<p>A veces las estatuas nos trasladan, desde su quietud, no solo a determinados rincones de una ciudad sino a las obras de esos autores que nos contemplan desde la frialdad del bronce. Ese Fernando Pessoa junto al que todos nos fotografiamos alguna vez delante de \u2018A Brasileira\u2019 en Lisboa representa adem\u00e1s de un icono para turistas o viajeros el recuerdo de las \u2018Odas\u2019 de Ricardo Reis que tradujo \u00c1ngel Campos P\u00e1mpano para Pre-Textos: \u00abVe de lejos la vida. \/ Nunca la interrogues. \/ Ella nada puede \/ decirte. La respuesta \/ est\u00e1 m\u00e1s all\u00e1 de los dioses\u00bb. Desde que colocaron la estatua de Gonzalo Torrente Ballester en el caf\u00e9 Novelty de Salamanca me resulta imposible visitarlo sin acordarme de las cr\u00f3nicas culturales de su secci\u00f3n \u2018Torre del Aire\u2019 en el diario \u2018Informaciones\u2019. O de aquel prodigio de imaginaci\u00f3n que es \u2018La saga\/fuga de J.B.\u2019<\/p>\n<p>Entre los centenares de negativos pendientes de digitalizar que conservo en casa est\u00e1 el de la estatua de Voltaire, cuyos restos mortales inauguraron la cripta del Pante\u00f3n de Hombres Ilustres de Par\u00eds. El autor de \u2018C\u00e1ndido\u2019, siempre opuesto al fanatismo y a la intolerancia, sonr\u00ede desde la eternidad mientras sostiene en la mano una pluma para escribir.<\/p>\n<!-- AddThis Advanced Settings generic via filter on the_content --><!-- AddThis Share Buttons generic via filter on the_content -->","protected":false},"excerpt":{"rendered":"<p>La \u00fanica estatua ecuestre con que cuenta C\u00e1ceres es la de Hern\u00e1n Cort\u00e9s, obra del escultor extreme\u00f1o Enrique P\u00e9rez Comendador. Recuerdo que nada m\u00e1s levantarse el monumento, en los a\u00f1os ochenta del pasado siglo, hubo cierta pol\u00e9mica tras conocerse el enorme parecido de esta escultura con la dedicada a Pedro de Valdivia en Santiago de [&hellip;]<!-- AddThis Advanced Settings generic via filter on get_the_excerpt --><!-- AddThis Share Buttons generic via filter on get_the_excerpt --><\/p>\n","protected":false},"author":13,"featured_media":0,"comment_status":"open","ping_status":"closed","sticky":false,"template":"","format":"standard","meta":[],"categories":[1],"tags":[1767,1945,480,1948,1944,1947,1946,1949],"_links":{"self":[{"href":"https:\/\/blogs.hoy.es\/Juandomingofernandez\/wp-json\/wp\/v2\/posts\/1158"}],"collection":[{"href":"https:\/\/blogs.hoy.es\/Juandomingofernandez\/wp-json\/wp\/v2\/posts"}],"about":[{"href":"https:\/\/blogs.hoy.es\/Juandomingofernandez\/wp-json\/wp\/v2\/types\/post"}],"author":[{"embeddable":true,"href":"https:\/\/blogs.hoy.es\/Juandomingofernandez\/wp-json\/wp\/v2\/users\/13"}],"replies":[{"embeddable":true,"href":"https:\/\/blogs.hoy.es\/Juandomingofernandez\/wp-json\/wp\/v2\/comments?post=1158"}],"version-history":[{"count":1,"href":"https:\/\/blogs.hoy.es\/Juandomingofernandez\/wp-json\/wp\/v2\/posts\/1158\/revisions"}],"predecessor-version":[{"id":1159,"href":"https:\/\/blogs.hoy.es\/Juandomingofernandez\/wp-json\/wp\/v2\/posts\/1158\/revisions\/1159"}],"wp:attachment":[{"href":"https:\/\/blogs.hoy.es\/Juandomingofernandez\/wp-json\/wp\/v2\/media?parent=1158"}],"wp:term":[{"taxonomy":"category","embeddable":true,"href":"https:\/\/blogs.hoy.es\/Juandomingofernandez\/wp-json\/wp\/v2\/categories?post=1158"},{"taxonomy":"post_tag","embeddable":true,"href":"https:\/\/blogs.hoy.es\/Juandomingofernandez\/wp-json\/wp\/v2\/tags?post=1158"}],"curies":[{"name":"wp","href":"https:\/\/api.w.org\/{rel}","templated":true}]}}