{"id":116,"date":"2008-11-20T23:37:07","date_gmt":"2008-11-20T23:37:07","guid":{"rendered":"http:\/\/blogs.hoy.es\/Juandomingofernandez\/?p=116"},"modified":"2008-11-20T23:37:07","modified_gmt":"2008-11-20T23:37:07","slug":"compraventa-simbolos","status":"publish","type":"post","link":"https:\/\/blogs.hoy.es\/Juandomingofernandez\/2008\/11\/20\/compraventa-simbolos\/","title":{"rendered":"Compraventa de s\u00edmbolos"},"content":{"rendered":"<p><strong>La vida pol\u00edtica, como las monedas, tiene su cara y su cruz. Un anverso y un reverso que equivale a dos acciones: representar y gestionar. Ambas son consustanciales a la actividad pol\u00edtica en democracia, aunque puestos en la tesitura de elegir, al ciudadano seguramente le interese m\u00e1s que brille la gesti\u00f3n del pol\u00edtico que los aspectos relativos a la representaci\u00f3n. Salvo que el pol\u00edtico \u2013no perdamos el humor\u2013 sea argentino y resulte cierto aquel viejo chiste: \u00abEl mejor negocio del mundo es comprar a un argentino por lo que vale y venderlo por lo que \u00e9l dice que vale\u00bb.<br \/>\n   Como buena parte de la actividad pol\u00edtica requiere de una presencia constante en los foros p\u00fablicos, el pol\u00edtico tiende a multiplicar su intervenciones porque necesita de ese \u2018refrendo\u2019 popular para obtener una rentabilidad desde el punto de vista de la imagen. Si no aparece, no existe.<br \/>\n   Por lo general, al ciudadano le resulta m\u00e1s f\u00e1cil visualizar los aspectos ligados a la representaci\u00f3n pol\u00edtica (gestos, comparecencias p\u00fablicas, intervenciones&#8230;) que el fruto de la pura gesti\u00f3n: logros, avances, dedicaci\u00f3n silenciosa&#8230;<br \/>\n   Mientras que el plano de la gesti\u00f3n est\u00e1 sometido a las leyes implacables de los resultados, como si perteneciera a un universo gravitatorio sujeto a la racionalidad cartesiana y la sistematizaci\u00f3n, el plano de la representaci\u00f3n pertenece al universo et\u00e9reo y casi abstracto de los s\u00edmbolos. De las apariencias, de las impresiones.<br \/>\n   Eso explica que en pol\u00edtica se cuiden tanto ciertos detalles superficiales (que se lo digan a los directores de las campa\u00f1as electorales) y que a veces los ciudadanos nos quedemos con la mosca detr\u00e1s de la oreja pensando que nos han dado gato por liebre. O que nos han vendido g\u00e9nero de contrabando.<br \/>\n   La historia pol\u00edtica est\u00e1 llena de errores o \u2018patinazos\u2019, de variada trascendencia. Dos de ahora mismo: en Madrid, la placa con freno y marcha atr\u00e1s a sor Maravillas en el Congreso de los Diputados y en Extremadura, la compra y devoluci\u00f3n del Lexus para la vicepresidenta segunda. Incluso yo, que no s\u00e9 mucho de coches, s\u00e9 que el Lexus \u2013como el Rolls Royce\u2013 es, m\u00e1s que una marca, un s\u00edmbolo. La vicepresidenta seguramente ignoraba tambi\u00e9n lo que dice Manuel Vicent: \u00abLos s\u00edmbolos no ata\u00f1en a la inteligencia, sino a las v\u00edsceras\u00bb.<\/strong><\/p>\n<!-- AddThis Advanced Settings generic via filter on the_content --><!-- AddThis Share Buttons generic via filter on the_content -->","protected":false},"excerpt":{"rendered":"<p>La vida pol\u00edtica, como las monedas, tiene su cara y su cruz. Un anverso y un reverso que equivale a dos acciones: representar y gestionar. Ambas son consustanciales a la actividad pol\u00edtica en democracia, aunque puestos en la tesitura de elegir, al ciudadano seguramente le interese m\u00e1s que brille la gesti\u00f3n del pol\u00edtico que los [&hellip;]<!-- AddThis Advanced Settings generic via filter on get_the_excerpt --><!-- AddThis Share Buttons generic via filter on get_the_excerpt --><\/p>\n","protected":false},"author":13,"featured_media":0,"comment_status":"open","ping_status":"closed","sticky":false,"template":"","format":"standard","meta":[],"categories":[1],"tags":[533,1015,1099,1188],"_links":{"self":[{"href":"https:\/\/blogs.hoy.es\/Juandomingofernandez\/wp-json\/wp\/v2\/posts\/116"}],"collection":[{"href":"https:\/\/blogs.hoy.es\/Juandomingofernandez\/wp-json\/wp\/v2\/posts"}],"about":[{"href":"https:\/\/blogs.hoy.es\/Juandomingofernandez\/wp-json\/wp\/v2\/types\/post"}],"author":[{"embeddable":true,"href":"https:\/\/blogs.hoy.es\/Juandomingofernandez\/wp-json\/wp\/v2\/users\/13"}],"replies":[{"embeddable":true,"href":"https:\/\/blogs.hoy.es\/Juandomingofernandez\/wp-json\/wp\/v2\/comments?post=116"}],"version-history":[{"count":0,"href":"https:\/\/blogs.hoy.es\/Juandomingofernandez\/wp-json\/wp\/v2\/posts\/116\/revisions"}],"wp:attachment":[{"href":"https:\/\/blogs.hoy.es\/Juandomingofernandez\/wp-json\/wp\/v2\/media?parent=116"}],"wp:term":[{"taxonomy":"category","embeddable":true,"href":"https:\/\/blogs.hoy.es\/Juandomingofernandez\/wp-json\/wp\/v2\/categories?post=116"},{"taxonomy":"post_tag","embeddable":true,"href":"https:\/\/blogs.hoy.es\/Juandomingofernandez\/wp-json\/wp\/v2\/tags?post=116"}],"curies":[{"name":"wp","href":"https:\/\/api.w.org\/{rel}","templated":true}]}}