{"id":1163,"date":"2021-03-04T13:14:24","date_gmt":"2021-03-04T12:14:24","guid":{"rendered":"http:\/\/blogs.hoy.es\/Juandomingofernandez\/?p=1163"},"modified":"2021-03-04T13:14:24","modified_gmt":"2021-03-04T12:14:24","slug":"la-calima-y-el-progreso","status":"publish","type":"post","link":"https:\/\/blogs.hoy.es\/Juandomingofernandez\/2021\/03\/04\/la-calima-y-el-progreso\/","title":{"rendered":"La calima y el progreso"},"content":{"rendered":"<p>Uno de mis primeros miedos infantiles se remontan a aquellas filminas que proyectaban a los cruzados eucar\u00edsticos y a los ni\u00f1os de la catequesis en una salita aneja al templo parroquial. Filminas en las que se recreaban escenas como la del mas\u00f3n que abjur\u00f3 de esa fe y sus correligionarios le apu\u00f1alaron en el mismo tren donde intentaba huir a otra ciudad. O la sacr\u00edlega artima\u00f1a del que acud\u00eda a comulgar con una lengua postiza y luego pisoteaba la sagrada forma\u2026 Aquellas historias me causaban tanto pavor como la guerra nuclear que plane\u00f3 sobre el mundo cuando la \u2018crisis de los misiles\u2019 en Cuba. M\u00e1s all\u00e1 de detalles geoestrat\u00e9gicos, para nuestra mentalidad infantil todo se resum\u00eda en una cadena inexorable: las bombas at\u00f3micas contaminan la hierba a miles de kil\u00f3metros, las vacas se comen esa hierba y todos moriremos porque la leche de las vacas est\u00e1 contaminada y es radiactiva\u2026<\/p>\n<p>Las amenazas del cielo. \u00bfChernobil? \u00bfFukushima? La del volc\u00e1n de Islandia de nombre impronunciable que oblig\u00f3 a cerrar el espacio a\u00e9reo europeo en 2010 y tambi\u00e9n la de esta lluvia de barro del Sahara que adem\u00e1s de polvo del desierto ha llegado hasta Suiza, Francia y el sur de Europa portando cesio 137, un is\u00f3topo radiactivo que no se halla de forma espont\u00e1nea en la naturaleza, sino que procede necesariamente de la fisi\u00f3n provocada por una explosi\u00f3n nuclear, en este caso de la veintena de ensayos at\u00f3micos que la Francia del presidente De Gaulle llev\u00f3 a cabo en el sur de Argelia y en el Sahara entre los a\u00f1os 1960 y 1967. Los is\u00f3topos radiactivos de cesio 137 han sido medidos por ACRO, la asociaci\u00f3n encargada del control de la radiactividad en el oeste de Francia. \u00bfLo menos malo? Que la concentraci\u00f3n de 80.000 becquerel por kil\u00f3metro cuadrado es muy d\u00e9bil para causar da\u00f1os en las personas y que el cesio 137 pierde la mitad de su poder radiactivo cada 30 a\u00f1os. Apenas la punta del iceberg. \u00bfLo inquietante? Como recuerda en \u2018La Vanguardia\u2019 el experto en radioprotecci\u00f3n Pierre Barbey, consultor cient\u00edfico de la asociaci\u00f3n ACRO, \u00abtodo el hemisferio norte est\u00e1 afectado por la poluci\u00f3n causada por las pruebas nucleares, y junto a Francia tienen responsabilidad el resto de potencias at\u00f3micas\u00bb. Las cifras son de mareo: entre 1945 y 1980, Estados Unidos, la Uni\u00f3n Sovi\u00e9tica, Gran Breta\u00f1a, Francia y China realizaron m\u00e1s de 500 ensayos nucleares atmosf\u00e9ricos.<\/p>\n<p>Resulta parad\u00f3jico que en Extremadura, donde jam\u00e1s sufrimos, por desgracia, la contaminaci\u00f3n propia del desarrollo y de los avances industriales, padezcamos estos d\u00edas una intensa calima con polvo sahariano en suspensi\u00f3n hasta extremos de que la Aemet recomiende no hacer ejercicio f\u00edsico al aire libre. Una calima que arrastra (a la vista de los is\u00f3topos detectados en Francia) amenazas atmosf\u00e9ricas globales. Siempre los detritus del progreso. El lado oscuro de la globalizaci\u00f3n. Dan ganas de parafrasear a Sorolla: \u2018\u00a1A\u00fan dicen que el jam\u00f3n ib\u00e9rico es caro!\u2019.<\/p>\n<!-- AddThis Advanced Settings generic via filter on the_content --><!-- AddThis Share Buttons generic via filter on the_content -->","protected":false},"excerpt":{"rendered":"<p>Uno de mis primeros miedos infantiles se remontan a aquellas filminas que proyectaban a los cruzados eucar\u00edsticos y a los ni\u00f1os de la catequesis en una salita aneja al templo parroquial. Filminas en las que se recreaban escenas como la del mas\u00f3n que abjur\u00f3 de esa fe y sus correligionarios le apu\u00f1alaron en el mismo [&hellip;]<!-- AddThis Advanced Settings generic via filter on get_the_excerpt --><!-- AddThis Share Buttons generic via filter on get_the_excerpt --><\/p>\n","protected":false},"author":13,"featured_media":0,"comment_status":"open","ping_status":"closed","sticky":false,"template":"","format":"standard","meta":[],"categories":[1],"tags":[330,456,1048,1955,1953,1954],"_links":{"self":[{"href":"https:\/\/blogs.hoy.es\/Juandomingofernandez\/wp-json\/wp\/v2\/posts\/1163"}],"collection":[{"href":"https:\/\/blogs.hoy.es\/Juandomingofernandez\/wp-json\/wp\/v2\/posts"}],"about":[{"href":"https:\/\/blogs.hoy.es\/Juandomingofernandez\/wp-json\/wp\/v2\/types\/post"}],"author":[{"embeddable":true,"href":"https:\/\/blogs.hoy.es\/Juandomingofernandez\/wp-json\/wp\/v2\/users\/13"}],"replies":[{"embeddable":true,"href":"https:\/\/blogs.hoy.es\/Juandomingofernandez\/wp-json\/wp\/v2\/comments?post=1163"}],"version-history":[{"count":1,"href":"https:\/\/blogs.hoy.es\/Juandomingofernandez\/wp-json\/wp\/v2\/posts\/1163\/revisions"}],"predecessor-version":[{"id":1164,"href":"https:\/\/blogs.hoy.es\/Juandomingofernandez\/wp-json\/wp\/v2\/posts\/1163\/revisions\/1164"}],"wp:attachment":[{"href":"https:\/\/blogs.hoy.es\/Juandomingofernandez\/wp-json\/wp\/v2\/media?parent=1163"}],"wp:term":[{"taxonomy":"category","embeddable":true,"href":"https:\/\/blogs.hoy.es\/Juandomingofernandez\/wp-json\/wp\/v2\/categories?post=1163"},{"taxonomy":"post_tag","embeddable":true,"href":"https:\/\/blogs.hoy.es\/Juandomingofernandez\/wp-json\/wp\/v2\/tags?post=1163"}],"curies":[{"name":"wp","href":"https:\/\/api.w.org\/{rel}","templated":true}]}}