{"id":1169,"date":"2021-03-18T12:39:46","date_gmt":"2021-03-18T11:39:46","guid":{"rendered":"https:\/\/blogs.hoy.es\/Juandomingofernandez\/?p=1169"},"modified":"2021-03-18T12:39:46","modified_gmt":"2021-03-18T11:39:46","slug":"la-antipolitica","status":"publish","type":"post","link":"https:\/\/blogs.hoy.es\/Juandomingofernandez\/2021\/03\/18\/la-antipolitica\/","title":{"rendered":"La antipol\u00edtica"},"content":{"rendered":"<p>La antipol\u00edtica se extiende como la grama, crece igual que la mala hierba. Las series televisivas de \u00e9xito se han convertido en vadem\u00e9cum de cart\u00f3n piedra donde rebuscar remedios. Es como si nada de lo que sucede en estos tiempos de antipol\u00edtica surgiera de manera natural o buscando el inter\u00e9s com\u00fan. Cualquier contingencia se vivi\u00f3 antes seguramente en \u2018Juego de Tronos\u2019, \u2018Borgen\u2019 o \u2018House of Cards\u2019, entre otras cosas porque las series se han erigido en el verdadero \u2018guion\u2019 de la realidad, en el espejo que Stendhal pasea a lo largo del camino. Con inversi\u00f3n de t\u00e9rminos: la antipol\u00edtica constituye la aut\u00e9ntica farsa mientras que el espejo refleja sobre todo met\u00e1foras b\u00e9licas, cineg\u00e9ticas o pugil\u00edsticas: la colecci\u00f3n de reportajes, cr\u00f3nicas o art\u00edculos donde es obligado reparar en la bronca soterrada o en el navajeo por la espalda, en el enroque ajedrec\u00edstico o en el puro tactismo trepa. Golpes de efecto. Basta repasar las columnas de esta semana sobre la moci\u00f3n de censura en Murcia, el giro sorpresa de Isabel D\u00edaz Ayuso o la contraprogramaci\u00f3n de Pablo Iglesias \u2013intentando recuperar la iniciativa en una agenda que le rebasa\u2013 para constatar otros da\u00f1os colaterales de la antipol\u00edtica: se habla hasta el paroxismo de los l\u00edderes y sus entornos partidarios pero apenas de su gesti\u00f3n diaria como servidores p\u00fablicos. La ficci\u00f3n antes que la realidad; pocos datos. Alharacas.<\/p>\n<p>La polarizaci\u00f3n y radicalizaci\u00f3n pol\u00edticas exigen que suba la temperatura emocional. Especialmente en tiempo de elecciones. La apoteosis del eslogan. La org\u00eda de lemas y la simplificaci\u00f3n argumental (si es tama\u00f1o tuit, mejor que mejor). Lenguaje con palabras gruesas: fascismo y antifacismo por doquier. \u00a1Derecha criminal! \u00a1Comunismo o libertad! Abultan las palabras m\u00e1s que quienes las dicen.<\/p>\n<p>De ah\u00ed el continuo esc\u00e1ndalo en la ciudadan\u00eda cuando, en vez de sumar esfuerzos contra la pandemia, los profesionales de la antipol\u00edtica se dedican a mirarse el ombligo y a calcular hasta d\u00f3nde puede llegar su cosecha de votos.<\/p>\n<p>Tiene uno la sensaci\u00f3n de que hemos entrado en bucle. Las encrucijadas se repiten, con momentos de tensi\u00f3n y distensi\u00f3n, igual que en los episodios de las series famosas. Si el alfil se come al pe\u00f3n, el caballo amenaza a la torre. O al rey. Diatribas alejadas de las preocupaciones cotidianas del hombre de la calle.<\/p>\n<p>El peligro de la antipol\u00edtica es que puede colmar el vaso de la paciencia, lograr que la indiferencia con que el ciudadano contempla el sectarismo egoc\u00e9ntrico de algunos representantes p\u00fablicos acabe torn\u00e1ndose en rencor y distanciamiento del sistema democr\u00e1tico. Es decir, erosi\u00f3n estructural. Un virus que lleva tiempo infectando a gran parte del separatismo cerril y del populismo insensato.<\/p>\n<p>En el fondo, viejas historias. Pol\u00edtica a\u00f1eja. Dice Schiller que s\u00f3lo la fantas\u00eda permanece siempre joven pues lo que nunca ha ocurrido, es lo que jam\u00e1s envejece. Confieso que en este bucle de acontecimientos repetidos, mi principal sue\u00f1o es que Cristiano Ronaldo vuelva al Real Madrid.<\/p>\n<!-- AddThis Advanced Settings generic via filter on the_content --><!-- AddThis Share Buttons generic via filter on the_content -->","protected":false},"excerpt":{"rendered":"<p>La antipol\u00edtica se extiende como la grama, crece igual que la mala hierba. Las series televisivas de \u00e9xito se han convertido en vadem\u00e9cum de cart\u00f3n piedra donde rebuscar remedios. Es como si nada de lo que sucede en estos tiempos de antipol\u00edtica surgiera de manera natural o buscando el inter\u00e9s com\u00fan. Cualquier contingencia se vivi\u00f3 [&hellip;]<!-- AddThis Advanced Settings generic via filter on get_the_excerpt --><!-- AddThis Share Buttons generic via filter on get_the_excerpt --><\/p>\n","protected":false},"author":13,"featured_media":0,"comment_status":"open","ping_status":"closed","sticky":false,"template":"","format":"standard","meta":[],"categories":[1],"tags":[],"_links":{"self":[{"href":"https:\/\/blogs.hoy.es\/Juandomingofernandez\/wp-json\/wp\/v2\/posts\/1169"}],"collection":[{"href":"https:\/\/blogs.hoy.es\/Juandomingofernandez\/wp-json\/wp\/v2\/posts"}],"about":[{"href":"https:\/\/blogs.hoy.es\/Juandomingofernandez\/wp-json\/wp\/v2\/types\/post"}],"author":[{"embeddable":true,"href":"https:\/\/blogs.hoy.es\/Juandomingofernandez\/wp-json\/wp\/v2\/users\/13"}],"replies":[{"embeddable":true,"href":"https:\/\/blogs.hoy.es\/Juandomingofernandez\/wp-json\/wp\/v2\/comments?post=1169"}],"version-history":[{"count":1,"href":"https:\/\/blogs.hoy.es\/Juandomingofernandez\/wp-json\/wp\/v2\/posts\/1169\/revisions"}],"predecessor-version":[{"id":1170,"href":"https:\/\/blogs.hoy.es\/Juandomingofernandez\/wp-json\/wp\/v2\/posts\/1169\/revisions\/1170"}],"wp:attachment":[{"href":"https:\/\/blogs.hoy.es\/Juandomingofernandez\/wp-json\/wp\/v2\/media?parent=1169"}],"wp:term":[{"taxonomy":"category","embeddable":true,"href":"https:\/\/blogs.hoy.es\/Juandomingofernandez\/wp-json\/wp\/v2\/categories?post=1169"},{"taxonomy":"post_tag","embeddable":true,"href":"https:\/\/blogs.hoy.es\/Juandomingofernandez\/wp-json\/wp\/v2\/tags?post=1169"}],"curies":[{"name":"wp","href":"https:\/\/api.w.org\/{rel}","templated":true}]}}