{"id":117,"date":"2008-11-28T00:00:38","date_gmt":"2008-11-28T00:00:38","guid":{"rendered":"http:\/\/blogs.hoy.es\/Juandomingofernandez\/?p=117"},"modified":"2008-11-28T00:00:38","modified_gmt":"2008-11-28T00:00:38","slug":"razones-el-optimismo","status":"publish","type":"post","link":"https:\/\/blogs.hoy.es\/Juandomingofernandez\/2008\/11\/28\/razones-el-optimismo\/","title":{"rendered":"Razones para el optimismo"},"content":{"rendered":"<p><big>\u2018Pen drive\u2019 y \u2018USB\u2019 estar\u00e1n en el Diccionario de la Academia.<br \/>\n<\/big><em>(De los peri\u00f3dicos) <\/em><br \/>\n<big><br \/>\nLa noticia, distribuida por las agencias hace pocos d\u00edas, a\u00f1ad\u00eda que la Real Academia Espa\u00f1ola tiene consensuadas con las Academias americanas otras expresiones como \u2018chiste verde\u2019, poner \u2018como una moto\u2019 y los adjetivos \u2018anticelul\u00edtico\u2019 y \u2018monoparental\u2019, que por lo visto no han recibido a\u00fan el pl\u00e1cet de la docta casa. Yo soy un entusiasta de los diccionarios. Y de la correcci\u00f3n expresiva, aunque confieso que perd\u00ed algunos complejos cuando el profesor Alarcos Llorach me explic\u00f3 en una entrevista que dos palabras tan aparentemente castizas como \u2018jam\u00f3n\u2019 y \u2018jard\u00edn\u2019 fueron en su origen galicismos, pues en castellano se usaba \u2018pernil en salaz\u00f3n\u2019 o \u2018huerto\u2019, que es la palabra que utiliza Calixto, Melibea o la propia Celestina.  <\/p>\n<p>En cualquier caso, por muy extendida que est\u00e9 la expresi\u00f3n \u2018pen drive\u2019, a m\u00ed me parece que podr\u00eda consensuarse con los hermanos americanos la expresi\u00f3n \u2018l\u00e1piz de memoria\u2019 mejor que ese anglicismo que exigir\u00eda la letra cursiva. La Academia ha sido muy cauta a la hora de aceptar ciertos vocablos que eran de uso corriente. Se justificaba reclamando la rev\u00e1lida del tiempo, pues hay expresiones que se ponen de moda pero  en pocos a\u00f1os dejan de utilizarse. Creo que fue el caso de \u2018estraperlo\u2019, un barbarismo que designaba una pr\u00e1ctica bastante habitual en los a\u00f1os de la posguerra y que no logr\u00f3 carta de naturaleza en el diccionario de la Academia.  <\/p>\n<p>Cuando se abordan cuestiones relacionadas con la lengua escrita y con el uso que de ella hacen los m\u00e1s j\u00f3venes es f\u00e1cil caer en el derrotismo. Por eso me resulta ilusionante la noticia que recog\u00eda este peri\u00f3dico el pasado d\u00eda 11, seg\u00fan la cual las palabras \u2018mejunje\u2019 y \u2018hollaron\u2019 fueron las decisivas para inclinar la balanza en la fase nacional del IX Concurso Hispanoamericano de Ortograf\u00eda, en el que compet\u00edan 22 alumnos de 2\u00ba de bachillerato procedentes de toda Espa\u00f1a.  <\/p>\n<p>Ahora lo que me gustar\u00eda es hacer una prueba a varios j\u00f3venes elegidos al azar para que  escribieran un texto con palabras como \u2018mejunje\u2019 y \u2018hollaron\u2019. Y despu\u00e9s, que metieran lo escrito en el <\/big><big>pen drive<\/big><big> a trav\u00e9s de un puerto USB. Para olvidarme del pesimismo.<\/big><\/p>\n<!-- AddThis Advanced Settings generic via filter on the_content --><!-- AddThis Share Buttons generic via filter on the_content -->","protected":false},"excerpt":{"rendered":"<p>\u2018Pen drive\u2019 y \u2018USB\u2019 estar\u00e1n en el Diccionario de la Academia. (De los peri\u00f3dicos) La noticia, distribuida por las agencias hace pocos d\u00edas, a\u00f1ad\u00eda que la Real Academia Espa\u00f1ola tiene consensuadas con las Academias americanas otras expresiones como \u2018chiste verde\u2019, poner \u2018como una moto\u2019 y los adjetivos \u2018anticelul\u00edtico\u2019 y \u2018monoparental\u2019, que por lo visto no [&hellip;]<!-- AddThis Advanced Settings generic via filter on get_the_excerpt --><!-- AddThis Share Buttons generic via filter on get_the_excerpt --><\/p>\n","protected":false},"author":13,"featured_media":0,"comment_status":"open","ping_status":"closed","sticky":false,"template":"","format":"standard","meta":[],"categories":[1],"tags":[341,744],"_links":{"self":[{"href":"https:\/\/blogs.hoy.es\/Juandomingofernandez\/wp-json\/wp\/v2\/posts\/117"}],"collection":[{"href":"https:\/\/blogs.hoy.es\/Juandomingofernandez\/wp-json\/wp\/v2\/posts"}],"about":[{"href":"https:\/\/blogs.hoy.es\/Juandomingofernandez\/wp-json\/wp\/v2\/types\/post"}],"author":[{"embeddable":true,"href":"https:\/\/blogs.hoy.es\/Juandomingofernandez\/wp-json\/wp\/v2\/users\/13"}],"replies":[{"embeddable":true,"href":"https:\/\/blogs.hoy.es\/Juandomingofernandez\/wp-json\/wp\/v2\/comments?post=117"}],"version-history":[{"count":0,"href":"https:\/\/blogs.hoy.es\/Juandomingofernandez\/wp-json\/wp\/v2\/posts\/117\/revisions"}],"wp:attachment":[{"href":"https:\/\/blogs.hoy.es\/Juandomingofernandez\/wp-json\/wp\/v2\/media?parent=117"}],"wp:term":[{"taxonomy":"category","embeddable":true,"href":"https:\/\/blogs.hoy.es\/Juandomingofernandez\/wp-json\/wp\/v2\/categories?post=117"},{"taxonomy":"post_tag","embeddable":true,"href":"https:\/\/blogs.hoy.es\/Juandomingofernandez\/wp-json\/wp\/v2\/tags?post=117"}],"curies":[{"name":"wp","href":"https:\/\/api.w.org\/{rel}","templated":true}]}}