{"id":1180,"date":"2021-04-15T12:30:53","date_gmt":"2021-04-15T11:30:53","guid":{"rendered":"https:\/\/blogs.hoy.es\/Juandomingofernandez\/?p=1180"},"modified":"2021-04-15T12:30:53","modified_gmt":"2021-04-15T11:30:53","slug":"el-aleph-de-hoy","status":"publish","type":"post","link":"https:\/\/blogs.hoy.es\/Juandomingofernandez\/2021\/04\/15\/el-aleph-de-hoy\/","title":{"rendered":"El &#8216;aleph&#8217; de HOY"},"content":{"rendered":"<p>Cuando supe el domingo 11 de abril que este diario facilita a los suscriptores On+ el acceso a la hemeroteca de su edici\u00f3n impresa, resum\u00ed mi opini\u00f3n con un tuit: \u00abEsto s\u00ed que es un verdadero hito hist\u00f3rico, no s\u00f3lo period\u00edstico\u00bb. Creo que no exagero. La historia \u2013y sobre todo la intrahistoria\u2013 de Extremadura no podr\u00edan entenderse en su complejidad sin las noticias, los datos, los acontecimientos, las opiniones y las vivencias recogidas en esas m\u00e1s de 1.750.000 p\u00e1ginas que atesora la hemeroteca impresa de HOY en sus 88 a\u00f1os de vida. Hasta ahora, cuando un investigador universitario espa\u00f1ol, o de cualquier otro pa\u00eds, necesitaba consultar las p\u00e1ginas de las diversas ediciones de HOY no ten\u00eda otro remedio que desplazarse, f\u00edsicamente, a la Redacci\u00f3n central del diario o a alguna biblioteca o hemeroteca p\u00fablicas donde conservaran los tomos encuadernados. Desde el 11 de abril, basta un simple clic para navegar por ese mar que tiene algo de biblioteca borgeana.<\/p>\n<p>Entre mis primeras b\u00fasquedas, los art\u00edculos de Julio Camba en los a\u00f1os de la guerra civil, con sus humoradas sobre la barba en el hombre o la sintaxis de Marx: \u00abSi Carlos Marx hubiera sabido escribir, no creo que a estas horas existiera marxismo en ninguna parte. Lo malo es que escrib\u00eda de un modo tan desastroso, que nadie ha podido todav\u00eda entender \u2018El Capital\u2019 y no hay en el mundo fuerza comparable a la de un libro que no se entiende\u00bb.<\/p>\n<p>Me he entretenido tambi\u00e9n releyendo la entrevista a doble p\u00e1gina que hice a Camilo Jos\u00e9 Cela en la primavera de 1987, dos a\u00f1os antes de recibir el Nobel de Literatura, cuando acudi\u00f3 a C\u00e1ceres para pregonar las fiestas medievales. \u00abCela \u2013apuntaba en la entradilla\u2013 es un hombret\u00f3n de 115 kilos de peso y muchos m\u00e1s de humanidad. A veces acompa\u00f1a las frases con unas risotadas que subrayan su iron\u00eda. Es un maestro de la lengua y del decir. Aunque pueda parecer un ogro quevedesco y mordaz, no consigue ocultar su inteligente y refinada ternura. A Cela le gustan los aspavientos y las barbaridades porque \u00e9l sabe que con esas cosas la gente le quiere m\u00e1s\u00bb.<\/p>\n<p>Confieso que he buscado columnas de Trist\u00e1n Buend\u00eda de los a\u00f1os ochenta y noventa, incluida una en la que se especulaba con que tras dicho seud\u00f3nimo se ocultaba un colectivo similar al famoso \u2018T\u00e1cito\u2019 de la transici\u00f3n espa\u00f1ola. E infinidad de sorpresas. Por ejemplo, aquella conversaci\u00f3n con el poeta, editor y librero Abelardo Linares, a quien la cacere\u00f1a Galer\u00eda Nacional de Praga public\u00f3 en 1995 su libro \u2018Panorama\u2019.<\/p>\n<p>Y un sinn\u00famero de entrevistas, reportajes, art\u00edculos de opini\u00f3n. Y miles y miles de esquelas de personas vinculadas con Extremadura. Y el deporte. Y los plenos municipales y las celebraciones religiosas y las fiestas. Y la publicidad de la \u00e9poca. Y las carteleras de cine. Un \u2018aleph\u2019 de 88 a\u00f1os de vida concentrada en la Hemeroteca hist\u00f3rica de HOY:\u00a0<a href=\"https:\/\/hemeroteca.hoy.es\/\">\u00a0<\/a><\/p>\n<!-- AddThis Advanced Settings generic via filter on the_content --><!-- AddThis Share Buttons generic via filter on the_content -->","protected":false},"excerpt":{"rendered":"<p>Cuando supe el domingo 11 de abril que este diario facilita a los suscriptores On+ el acceso a la hemeroteca de su edici\u00f3n impresa, resum\u00ed mi opini\u00f3n con un tuit: \u00abEsto s\u00ed que es un verdadero hito hist\u00f3rico, no s\u00f3lo period\u00edstico\u00bb. Creo que no exagero. La historia \u2013y sobre todo la intrahistoria\u2013 de Extremadura no [&hellip;]<!-- AddThis Advanced Settings generic via filter on get_the_excerpt --><!-- AddThis Share Buttons generic via filter on get_the_excerpt --><\/p>\n","protected":false},"author":13,"featured_media":0,"comment_status":"open","ping_status":"closed","sticky":false,"template":"","format":"standard","meta":[],"categories":[1],"tags":[],"_links":{"self":[{"href":"https:\/\/blogs.hoy.es\/Juandomingofernandez\/wp-json\/wp\/v2\/posts\/1180"}],"collection":[{"href":"https:\/\/blogs.hoy.es\/Juandomingofernandez\/wp-json\/wp\/v2\/posts"}],"about":[{"href":"https:\/\/blogs.hoy.es\/Juandomingofernandez\/wp-json\/wp\/v2\/types\/post"}],"author":[{"embeddable":true,"href":"https:\/\/blogs.hoy.es\/Juandomingofernandez\/wp-json\/wp\/v2\/users\/13"}],"replies":[{"embeddable":true,"href":"https:\/\/blogs.hoy.es\/Juandomingofernandez\/wp-json\/wp\/v2\/comments?post=1180"}],"version-history":[{"count":2,"href":"https:\/\/blogs.hoy.es\/Juandomingofernandez\/wp-json\/wp\/v2\/posts\/1180\/revisions"}],"predecessor-version":[{"id":1182,"href":"https:\/\/blogs.hoy.es\/Juandomingofernandez\/wp-json\/wp\/v2\/posts\/1180\/revisions\/1182"}],"wp:attachment":[{"href":"https:\/\/blogs.hoy.es\/Juandomingofernandez\/wp-json\/wp\/v2\/media?parent=1180"}],"wp:term":[{"taxonomy":"category","embeddable":true,"href":"https:\/\/blogs.hoy.es\/Juandomingofernandez\/wp-json\/wp\/v2\/categories?post=1180"},{"taxonomy":"post_tag","embeddable":true,"href":"https:\/\/blogs.hoy.es\/Juandomingofernandez\/wp-json\/wp\/v2\/tags?post=1180"}],"curies":[{"name":"wp","href":"https:\/\/api.w.org\/{rel}","templated":true}]}}