{"id":1194,"date":"2021-05-20T11:22:55","date_gmt":"2021-05-20T10:22:55","guid":{"rendered":"https:\/\/blogs.hoy.es\/Juandomingofernandez\/?p=1194"},"modified":"2021-05-20T11:22:55","modified_gmt":"2021-05-20T10:22:55","slug":"mover-ficha","status":"publish","type":"post","link":"https:\/\/blogs.hoy.es\/Juandomingofernandez\/2021\/05\/20\/mover-ficha\/","title":{"rendered":"Mover ficha"},"content":{"rendered":"<p>A m\u00ed me toc\u00f3 una mili llena de acontecimientos que rebasaban, con mucho, el simple \u00e1mbito cuartelero. Quiero decir que m\u00e1s all\u00e1 del anecdotario y la intrahistoria que atesoramos todos los llamados a filas, el contexto nacional resultaba incierto y dif\u00edcil en aquellos a\u00f1os del tardofranquismo. En lo que va de octubre de 1974 a enero de 1976, el periodo de mi reemplazo, se sucedieron los coletazos de la Revoluci\u00f3n de los Claveles en Portugal, la Marcha Verde en el Sahara Occidental y la muerte de Franco. Aunque \u2018Gr\u00e2ndola vila morena\u2019 hab\u00eda activado la revoluci\u00f3n el 25 de abril de 1974, en el imaginario colectivo segu\u00eda vigente un compromiso hist\u00f3rico: la Espa\u00f1a de Franco y el Portugal de Oliveira Salazar hab\u00edan firmado el Pacto Ib\u00e9rico, lo que se traduc\u00eda \u2013para los que hab\u00edamos jurado bandera\u2013 en puro desasosiego, en constante preocupaci\u00f3n ante los \u2018golpes\u2019 y \u2018contragolpes\u2019 registrados en el oto\u00f1o de 1975 en Portugal, circunstancia que los veteranos del cacere\u00f1o Cuartel Infanta Isabel resum\u00edan en voz baja: \u00abCualquier d\u00eda nos concentran y nos llevan a Alc\u00e1ntara, cerca de la frontera\u00bb. Soldaditos de reemplazo.<\/p>\n<p>Por suerte, nada de eso ocurri\u00f3. Pero estuvimos m\u00e1s de quince d\u00edas acuartelados en cuanto arranc\u00f3 la Marcha Verde, aquella jugada que Hassan II se sac\u00f3 de la manga para retorcer el brazo al Frente Polisario y a las resoluciones de Naciones Unidas; siendo p\u00fablico y notorio que por entonces Franco agonizaba y Espa\u00f1a viv\u00eda un momento tremendamente inestable. De vuelta a las literas y a los antiguos pabellones del Infanta Isabel (incluidos los que ten\u00edamos \u2018pase pernocta\u2019), hab\u00eda quien fantaseaba y se ve\u00eda ya pegando tiros, muerto de sed en mitad del desierto, un espacio inh\u00f3spito que entonces identificaba como algo remoto y reservado a las pel\u00edculas de aventuras.<\/p>\n<p>He recordado los episodios de aquel \u2018movimiento de voluntarios\u2019 ideado por Hassan II tras las ins\u00f3litas oleadas masivas de marroqu\u00edes y subsaharianos arribadas a Ceuta y Melilla con la hip\u00f3crita anuencia de las autoridades marroqu\u00edes. El mismo martes, casi a la par que Interior informaba de unas 8.000 llegadas de inmigrantes y en torno a 4.000 devoluciones, la embajadora de Marruecos en Espa\u00f1a asegur\u00f3 que en las relaciones entre pa\u00edses \u00abHay actos con consecuencias y se tienen que asumir\u00bb. Lo que significa: alguien debe tomar nota; y me parece que ambos pa\u00edses, Espa\u00f1a y Marruecos, la han tomado. Mover ficha.<\/p>\n<p>Ahora abundar\u00e1n las explicaciones geoestrat\u00e9gicas: la influencia de Estados Unidos en \u00c1frica a trav\u00e9s de Rabat; nuestra doble relaci\u00f3n econ\u00f3mica con Argelia (principal suministrador de gas) y con Marruecos (siempre reivindicando Ceuta y Melilla); las pretensiones marroqu\u00edes para que la UE reconozca su soberan\u00eda sobre el Sahara\u2026 Cuando no los tratados de pesca, la disputa de aguas territoriales con yacimientos minerales, la presi\u00f3n constante sobre Canarias\u2026 Un v\u00ednculo vecinal \u2013por definici\u00f3n, inmutable\u2013 sin otra salida, a mi parecer, que no incluya negociar con responsabilidad y firmeza. El resto, pan para hoy y hambre para ma\u00f1ana.<\/p>\n<!-- AddThis Advanced Settings generic via filter on the_content --><!-- AddThis Share Buttons generic via filter on the_content -->","protected":false},"excerpt":{"rendered":"<p>A m\u00ed me toc\u00f3 una mili llena de acontecimientos que rebasaban, con mucho, el simple \u00e1mbito cuartelero. Quiero decir que m\u00e1s all\u00e1 del anecdotario y la intrahistoria que atesoramos todos los llamados a filas, el contexto nacional resultaba incierto y dif\u00edcil en aquellos a\u00f1os del tardofranquismo. En lo que va de octubre de 1974 a [&hellip;]<!-- AddThis Advanced Settings generic via filter on get_the_excerpt --><!-- AddThis Share Buttons generic via filter on get_the_excerpt --><\/p>\n","protected":false},"author":13,"featured_media":0,"comment_status":"open","ping_status":"closed","sticky":false,"template":"","format":"standard","meta":[],"categories":[1],"tags":[],"_links":{"self":[{"href":"https:\/\/blogs.hoy.es\/Juandomingofernandez\/wp-json\/wp\/v2\/posts\/1194"}],"collection":[{"href":"https:\/\/blogs.hoy.es\/Juandomingofernandez\/wp-json\/wp\/v2\/posts"}],"about":[{"href":"https:\/\/blogs.hoy.es\/Juandomingofernandez\/wp-json\/wp\/v2\/types\/post"}],"author":[{"embeddable":true,"href":"https:\/\/blogs.hoy.es\/Juandomingofernandez\/wp-json\/wp\/v2\/users\/13"}],"replies":[{"embeddable":true,"href":"https:\/\/blogs.hoy.es\/Juandomingofernandez\/wp-json\/wp\/v2\/comments?post=1194"}],"version-history":[{"count":1,"href":"https:\/\/blogs.hoy.es\/Juandomingofernandez\/wp-json\/wp\/v2\/posts\/1194\/revisions"}],"predecessor-version":[{"id":1195,"href":"https:\/\/blogs.hoy.es\/Juandomingofernandez\/wp-json\/wp\/v2\/posts\/1194\/revisions\/1195"}],"wp:attachment":[{"href":"https:\/\/blogs.hoy.es\/Juandomingofernandez\/wp-json\/wp\/v2\/media?parent=1194"}],"wp:term":[{"taxonomy":"category","embeddable":true,"href":"https:\/\/blogs.hoy.es\/Juandomingofernandez\/wp-json\/wp\/v2\/categories?post=1194"},{"taxonomy":"post_tag","embeddable":true,"href":"https:\/\/blogs.hoy.es\/Juandomingofernandez\/wp-json\/wp\/v2\/tags?post=1194"}],"curies":[{"name":"wp","href":"https:\/\/api.w.org\/{rel}","templated":true}]}}