{"id":1199,"date":"2021-06-03T09:55:19","date_gmt":"2021-06-03T08:55:19","guid":{"rendered":"https:\/\/blogs.hoy.es\/Juandomingofernandez\/?p=1199"},"modified":"2021-06-03T09:55:19","modified_gmt":"2021-06-03T08:55:19","slug":"manolo-garcia-carmona","status":"publish","type":"post","link":"https:\/\/blogs.hoy.es\/Juandomingofernandez\/2021\/06\/03\/manolo-garcia-carmona\/","title":{"rendered":"Manolo Garc\u00eda Carmona"},"content":{"rendered":"<p>Cuando conoc\u00ed a Manolo Garc\u00eda Carmona, a mediados de los a\u00f1os setenta, la figura de un periodista joven como \u00e9l no pasaba inadvertida para alguien con inquietudes culturales. Durante aquellos a\u00f1os de la predemocracia, elaborar informaci\u00f3n local consist\u00eda la mayor\u00eda de las veces en recoger el llamado \u2018parte de novedades\u2019 en el Gobierno Civil y anotar las declaraciones correspondientes del equipo de gobierno municipal. Sin embargo, la vida y la sociedad eran m\u00e1s complejas. Y \u00e9l atendi\u00f3 a esa complejidad. Por ejemplo, la llegada de la Universidad de Extremadura y la pugna por uno o dos campus fueron batallas pol\u00edticas en las que Garc\u00eda Carmona siempre mantuvo una actitud de defensa leal con los intereses de la provincia y, en el fondo, del conjunto de la regi\u00f3n. Lo mismo cabe decir de los a\u00f1os de la transici\u00f3n a la democracia, cuando acudir a un encuentro informativo con Ignacio Gallego con motivo de la II Conferencia Regional del entonces clandestino PCE supon\u00eda recibir la visita de alg\u00fan miembro de la Brigada Pol\u00edtico-Social para advertirte \u2013como le ocurri\u00f3 a \u00e9l\u2013 de las graves consecuencias que podr\u00edan acarrearle. No todo eran comunicados de prensa y ecos de sociedad. Hay un detalle que me parece muy significativo. Despu\u00e9s del golpe del 23-F, cuando las fuerzas pol\u00edticas democr\u00e1ticas se manifiestan para expresar la repulsa por el asalto al Congreso a quien se encarga que lea en C\u00e1ceres el manifiesto es al periodista Manuel Garc\u00eda Carmona. Un s\u00edmbolo de profesionalidad.<\/p>\n<p>Cuando entr\u00e9 a trabajar en HOY, a mediados de los ochenta, \u00e9l fue mi primer Redactor Jefe en C\u00e1ceres. All\u00ed le escuch\u00e9 contar muchas veces los episodios vividos con Enrique Romero y compart\u00ed otros con hist\u00f3ricos como Fernando Garc\u00eda Morales, el fot\u00f3grafo Fernando G. M\u00fa\u00f1ez, Antonio Barquilla, J. J. Gonz\u00e1lez, m\u00e1s colaboradores destacados como Tom\u00e1s P\u00e9rez, Emilio Jara\u00edz o las cr\u00edticas de cine de Juan Jos\u00e9 Moreno Doncel y antes de Jerem\u00edas Clemente Sim\u00f3n; las criticas musicales de Paquita Garc\u00eda o las de arte de Manuel Vaz-Romero Nieto.<\/p>\n<p>A mediados de los a\u00f1os ochenta, con Garc\u00eda Carmona se dinamizaron los contenidos de espect\u00e1culos y de cultura, se empez\u00f3 a cubrir regularmente la informaci\u00f3n de tribunales y tambi\u00e9n los reportajes de actualidad o de inter\u00e9s humano por el conjunto de la provincia. Manuel Garc\u00eda Carmona fue nombrado subdirector de HOY y se traslad\u00f3 a Badajoz en la primavera de 1987. Pero nunca perdi\u00f3, por obvias razones period\u00edsticas, el contacto con C\u00e1ceres. Mientras escribo estas l\u00edneas apresuradamente tengo ante m\u00ed una fotograf\u00eda de Boni S\u00e1nchez en la plaza de toros del castillo de Las Seguras tomada en mayo de 1987 con motivo de las Fiestas Medievales. Adem\u00e1s de Manolo est\u00e1n Domingo Tom\u00e1s Navarro, Luis Alviz (con el capote torero), David Santos y quien firma esta columna. \u00bfQu\u00e9 decir ahora? Manolo ha sido un hombre bueno en el sentido machadiano del t\u00e9rmino. De los mejores. S\u00f3lo tengo ganas de llorar y de enviarle un abrazo enorme a Charo, a sus hijos y a sus nietos.<\/p>\n<!-- AddThis Advanced Settings generic via filter on the_content --><!-- AddThis Share Buttons generic via filter on the_content -->","protected":false},"excerpt":{"rendered":"<p>Cuando conoc\u00ed a Manolo Garc\u00eda Carmona, a mediados de los a\u00f1os setenta, la figura de un periodista joven como \u00e9l no pasaba inadvertida para alguien con inquietudes culturales. Durante aquellos a\u00f1os de la predemocracia, elaborar informaci\u00f3n local consist\u00eda la mayor\u00eda de las veces en recoger el llamado \u2018parte de novedades\u2019 en el Gobierno Civil y [&hellip;]<!-- AddThis Advanced Settings generic via filter on get_the_excerpt --><!-- AddThis Share Buttons generic via filter on get_the_excerpt --><\/p>\n","protected":false},"author":13,"featured_media":0,"comment_status":"open","ping_status":"closed","sticky":false,"template":"","format":"standard","meta":[],"categories":[1],"tags":[],"_links":{"self":[{"href":"https:\/\/blogs.hoy.es\/Juandomingofernandez\/wp-json\/wp\/v2\/posts\/1199"}],"collection":[{"href":"https:\/\/blogs.hoy.es\/Juandomingofernandez\/wp-json\/wp\/v2\/posts"}],"about":[{"href":"https:\/\/blogs.hoy.es\/Juandomingofernandez\/wp-json\/wp\/v2\/types\/post"}],"author":[{"embeddable":true,"href":"https:\/\/blogs.hoy.es\/Juandomingofernandez\/wp-json\/wp\/v2\/users\/13"}],"replies":[{"embeddable":true,"href":"https:\/\/blogs.hoy.es\/Juandomingofernandez\/wp-json\/wp\/v2\/comments?post=1199"}],"version-history":[{"count":1,"href":"https:\/\/blogs.hoy.es\/Juandomingofernandez\/wp-json\/wp\/v2\/posts\/1199\/revisions"}],"predecessor-version":[{"id":1200,"href":"https:\/\/blogs.hoy.es\/Juandomingofernandez\/wp-json\/wp\/v2\/posts\/1199\/revisions\/1200"}],"wp:attachment":[{"href":"https:\/\/blogs.hoy.es\/Juandomingofernandez\/wp-json\/wp\/v2\/media?parent=1199"}],"wp:term":[{"taxonomy":"category","embeddable":true,"href":"https:\/\/blogs.hoy.es\/Juandomingofernandez\/wp-json\/wp\/v2\/categories?post=1199"},{"taxonomy":"post_tag","embeddable":true,"href":"https:\/\/blogs.hoy.es\/Juandomingofernandez\/wp-json\/wp\/v2\/tags?post=1199"}],"curies":[{"name":"wp","href":"https:\/\/api.w.org\/{rel}","templated":true}]}}