{"id":1203,"date":"2021-06-10T09:41:23","date_gmt":"2021-06-10T08:41:23","guid":{"rendered":"https:\/\/blogs.hoy.es\/Juandomingofernandez\/?p=1203"},"modified":"2021-06-10T09:41:23","modified_gmt":"2021-06-10T08:41:23","slug":"reverberaciones","status":"publish","type":"post","link":"https:\/\/blogs.hoy.es\/Juandomingofernandez\/2021\/06\/10\/reverberaciones\/","title":{"rendered":"Reverberaciones"},"content":{"rendered":"<p>Rodrigo, el hijo mayor de Gabriel Garc\u00eda M\u00e1rquez firma el libro \u2018Gabo y Mercedes: una despedida\u2019, donde repasa las \u00faltimas semanas de su padre antes de morir, en abril de 2014, y las de su madre, que falleci\u00f3 en agosto del pasado a\u00f1o. Seg\u00fan apunta C\u00e9sar Coca, el peque\u00f1o volumen (112 p\u00e1ginas) incluye detalles que producen desasosiego: entre ellos, el trance de ponerle al escritor ya fallecido la dentadura postiza; sin obviar pormenores que rozan el surrealismo: la m\u00e1quina que mov\u00eda el f\u00e9retro en el horno crematorio se atasc\u00f3 a mitad de recorrido y hubo que repararla para continuar con la incineraci\u00f3n. Enseguida nos asalta la etiqueta cl\u00e1sica: realismo m\u00e1gico.<\/p>\n<p>Supongo que es la mejor manera de homenajear a quien fue si no el fundador, s\u00ed uno de los principales defensores de esa estirpe: la de una realidad donde lo inaudito, lo extraordinario, lo po\u00e9tico, salpica y ti\u00f1e continuamente a lo cotidiano. El propio Rodrigo Garc\u00eda lo explica en sus conversaciones con los periodistas. Sin renunciar a cierta contenci\u00f3n en la emotividad, en m\u00e1s de una ocasi\u00f3n se pone el foco en los aspectos maravillosos que pueblan el universo del Nobel colombiano. Por ejemplo, revelar que la m\u00fasica que la familia puso a todo volumen durante los \u00faltimos d\u00edas del escritor \u2013para que se oyera desde la calle\u2013 fue una sucesi\u00f3n de vallenatos. O que Garc\u00eda M\u00e1rquez muri\u00f3 un Jueves Santo, igual que \u00darsula Iguar\u00e1n. Y si al morir \u00darsula los p\u00e1jaros se estrellaban contra las paredes, aquel Jueves Santo de 2014 un ave, desorientada, se estrell\u00f3 contra el cristal de una ventana y fue a caer en la butaca favorita del escritor. La ficci\u00f3n imbric\u00e1ndose con la realidad.<\/p>\n<p>Historias que recuerdan el episodio en que Jos\u00e9 Arcadio Buend\u00eda explor\u00f3 la regi\u00f3n, incluso el fondo del r\u00edo, con los lingotes de hierro del gitano Melqu\u00edades y lo \u00fanico que encontr\u00f3 fue una armadura del siglo XV con un esqueleto calcificado \u00abque llevaba colgado en el cuello un relicario de cobre con un rizo de mujer\u00bb. Me parece que esas quince palabras entrecomilladas constituyen por s\u00ed solas una narraci\u00f3n fabulosa. De realismo m\u00e1gico o como quiera denominarse.<\/p>\n<p>Seguramente este librito es una buena confirmaci\u00f3n de que en literatura aparte de talento es precisa la t\u00e9cnica, y Rodrigo Garc\u00eda no pudo tener mejor maestro en la materia. Por eso los \u00faltimos momentos de \u2018Gabo y Mercedes\u2019 son tambi\u00e9n una cr\u00f3nica elaborada con el mismo prop\u00f3sito por el que Garc\u00eda M\u00e1rquez confesaba que se hab\u00eda hecho escritor: \u00abPara que mis amigos me quieran m\u00e1s\u00bb.<\/p>\n<p>Aprovechando la presentaci\u00f3n del libro Rodrigo Garc\u00eda Barcha confirm\u00f3 que \u2018Cien a\u00f1os de soledad\u2019 se convertir\u00e1 en una serie de dos temporadas en Netflix. Su padre rechaz\u00f3 siempre su adaptaci\u00f3n al cine porque no cre\u00eda que pudiera hacerse una pel\u00edcula de varias horas sobre esa novela, aunque \u00e9l mismo dio el vio visto bueno indirectamente: \u00abCuando yo no est\u00e9, ustedes hagan lo que quieran\u00bb.<\/p>\n<!-- AddThis Advanced Settings generic via filter on the_content --><!-- AddThis Share Buttons generic via filter on the_content -->","protected":false},"excerpt":{"rendered":"<p>Rodrigo, el hijo mayor de Gabriel Garc\u00eda M\u00e1rquez firma el libro \u2018Gabo y Mercedes: una despedida\u2019, donde repasa las \u00faltimas semanas de su padre antes de morir, en abril de 2014, y las de su madre, que falleci\u00f3 en agosto del pasado a\u00f1o. Seg\u00fan apunta C\u00e9sar Coca, el peque\u00f1o volumen (112 p\u00e1ginas) incluye detalles que [&hellip;]<!-- AddThis Advanced Settings generic via filter on get_the_excerpt --><!-- AddThis Share Buttons generic via filter on get_the_excerpt --><\/p>\n","protected":false},"author":13,"featured_media":0,"comment_status":"open","ping_status":"closed","sticky":false,"template":"","format":"standard","meta":[],"categories":[1],"tags":[],"_links":{"self":[{"href":"https:\/\/blogs.hoy.es\/Juandomingofernandez\/wp-json\/wp\/v2\/posts\/1203"}],"collection":[{"href":"https:\/\/blogs.hoy.es\/Juandomingofernandez\/wp-json\/wp\/v2\/posts"}],"about":[{"href":"https:\/\/blogs.hoy.es\/Juandomingofernandez\/wp-json\/wp\/v2\/types\/post"}],"author":[{"embeddable":true,"href":"https:\/\/blogs.hoy.es\/Juandomingofernandez\/wp-json\/wp\/v2\/users\/13"}],"replies":[{"embeddable":true,"href":"https:\/\/blogs.hoy.es\/Juandomingofernandez\/wp-json\/wp\/v2\/comments?post=1203"}],"version-history":[{"count":1,"href":"https:\/\/blogs.hoy.es\/Juandomingofernandez\/wp-json\/wp\/v2\/posts\/1203\/revisions"}],"predecessor-version":[{"id":1204,"href":"https:\/\/blogs.hoy.es\/Juandomingofernandez\/wp-json\/wp\/v2\/posts\/1203\/revisions\/1204"}],"wp:attachment":[{"href":"https:\/\/blogs.hoy.es\/Juandomingofernandez\/wp-json\/wp\/v2\/media?parent=1203"}],"wp:term":[{"taxonomy":"category","embeddable":true,"href":"https:\/\/blogs.hoy.es\/Juandomingofernandez\/wp-json\/wp\/v2\/categories?post=1203"},{"taxonomy":"post_tag","embeddable":true,"href":"https:\/\/blogs.hoy.es\/Juandomingofernandez\/wp-json\/wp\/v2\/tags?post=1203"}],"curies":[{"name":"wp","href":"https:\/\/api.w.org\/{rel}","templated":true}]}}