{"id":1206,"date":"2021-06-17T20:35:38","date_gmt":"2021-06-17T19:35:38","guid":{"rendered":"https:\/\/blogs.hoy.es\/Juandomingofernandez\/?p=1206"},"modified":"2021-06-17T20:35:38","modified_gmt":"2021-06-17T19:35:38","slug":"tres-maestros","status":"publish","type":"post","link":"https:\/\/blogs.hoy.es\/Juandomingofernandez\/2021\/06\/17\/tres-maestros\/","title":{"rendered":"Tres maestros"},"content":{"rendered":"<p>Acomodados los tres en el estrado, frente al p\u00fablico que llena \u2013bajo protocolo covid\u2013 la Sala Malinche, representan una de las m\u00e1s s\u00f3lidas concentraciones de talento literario de nuestros d\u00edas: \u00c1lvaro Valverde, Gonzalo Hidalgo Bayal y Luis Landero. Los tres extreme\u00f1os y reconocidos desde hace d\u00e9cadas \u2013\u00bfnadie es profeta en su tierra?\u2013 con el premio \u2018Extreme\u00f1o de HOY\u2019. Los re\u00fane ahora en C\u00e1ceres la presentaci\u00f3n del monogr\u00e1fico que la revista \u2018Turia\u2019 dedica al autor nacido en Higuera de Albalat, un mosaico formidable y nutricio coordinado por Concha D\u2019Olhaberriague y con aportaciones esenciales como la biocronolog\u00eda elaborada por Miguel \u00c1ngel Lama, la entrevista de Fernando del Val a Landero, o los poli\u00e9dricos asedios a la obra de GHB que firman \u00c1lvaro Valverde, Ana Calvo Revilla, Juan Ram\u00f3n Santos, Ricardo Men\u00e9ndez Salm\u00f3n, Pilar Gal\u00e1n, Alfonso Ruiz de Aguirre, Fernando Parra Nogueras, El\u00edas Gonz\u00e1lez Cano, Tom\u00e1s S\u00e1nchez Santiago, David Mat\u00edas o el propio Hidalgo Bayal al recordar sus primeras lecturas y aquella educaci\u00f3n sentimental en un texto magn\u00edfico: \u2018Las l\u00e1grimas de Miguel Strogoff\u2019, escrito ex profeso para el cartapacio de Turia porque no era cuesti\u00f3n de ponerse a rebuscar otro cualquiera \u00aben el disco duro\u00bb.<\/p>\n<p>Antes de la conversaci\u00f3n entre \u00c1lvaro Valverde, Landero y el homenajeado, el director de la revista \u2018Turia\u2019, Ra\u00fal Carlos Ma\u00edcas, se refiri\u00f3 a Gonzalo Hidalgo Bayal como uno de \u00ablos sumos sacerdotes de la palabra\u00bb y \u00abel mejor escritor secreto de Espa\u00f1a\u00bb, t\u00edtulo con el que minutos despu\u00e9s discrep\u00f3 parcialmente Landero: \u00abNo tan secreto. Gonzalo no puede ser un escritor de moda\u00bb, en el sentido que entendemos hoy ese concepto, \u00abpero a la larga s\u00ed\u00bb, argument\u00f3.<\/p>\n<p>Valverde aludi\u00f3 a la condici\u00f3n de t\u00edmidos y pudorosos en la que se reconocen Bayal y Landero, y les pregunt\u00f3 por ese \u2018laboreo verbal\u2019 (la m\u00fasica, el tono, el estilo\u2026) que impregna la gran literatura. Gonzalo Hidalgo ilustr\u00f3 su respuesta con una an\u00e9cdota divertida de su etapa como profesor en la U.P. de Plasencia, mientras el de Alburquerque se remiti\u00f3 a la entrevista con Fernando del Val: para algo est\u00e1n las elipsis, los sobreentendidos. \u00abOrtega s\u00f3lo acert\u00f3 a darles un consejo a sus hijos: \u2018Hijos, no dig\u00e1is evidencias\u2019. No se puede decir m\u00e1s en menos. A m\u00ed me irrita la gente que incurre en evidencias, y supongo que tambi\u00e9n a Gonzalo. En nuestros coloquios, hay a veces largos silencios\u00bb.<\/p>\n<p>El coloquio transit\u00f3 tambi\u00e9n por otras cuestiones: la presencia del yo en la literatura, la llamada autoficci\u00f3n o el oficio de escribir. El autor de \u2018Nemo\u2019 fue tajante: \u00ab\u2018Campo de amapolas\u2026\u2019 es todo auto, nada de ficci\u00f3n\u2019, por ejemplo. Pero es que, cuente lo que se cuente, la realidad es ficci\u00f3n\u00bb. En cuanto al oficio como blindaje profesional, Landero confiesa que \u00fanicamente lo asumi\u00f3 en sus tiempos de guitarrista, pero jam\u00e1s como escritor. \u00abPues si t\u00fa dices eso\u00bb, apostill\u00f3 Gonzalo Hidalgo, \u00abfig\u00farate yo\u00bb, incapaz, seg\u00fan admiti\u00f3, no s\u00f3lo de hacer balance de su obra sino de saber acerca de qu\u00e9 escribir\u00e1 ma\u00f1ana.<\/p>\n<!-- AddThis Advanced Settings generic via filter on the_content --><!-- AddThis Share Buttons generic via filter on the_content -->","protected":false},"excerpt":{"rendered":"<p>Acomodados los tres en el estrado, frente al p\u00fablico que llena \u2013bajo protocolo covid\u2013 la Sala Malinche, representan una de las m\u00e1s s\u00f3lidas concentraciones de talento literario de nuestros d\u00edas: \u00c1lvaro Valverde, Gonzalo Hidalgo Bayal y Luis Landero. Los tres extreme\u00f1os y reconocidos desde hace d\u00e9cadas \u2013\u00bfnadie es profeta en su tierra?\u2013 con el premio [&hellip;]<!-- AddThis Advanced Settings generic via filter on get_the_excerpt --><!-- AddThis Share Buttons generic via filter on get_the_excerpt --><\/p>\n","protected":false},"author":13,"featured_media":0,"comment_status":"open","ping_status":"closed","sticky":false,"template":"","format":"standard","meta":[],"categories":[1],"tags":[],"_links":{"self":[{"href":"https:\/\/blogs.hoy.es\/Juandomingofernandez\/wp-json\/wp\/v2\/posts\/1206"}],"collection":[{"href":"https:\/\/blogs.hoy.es\/Juandomingofernandez\/wp-json\/wp\/v2\/posts"}],"about":[{"href":"https:\/\/blogs.hoy.es\/Juandomingofernandez\/wp-json\/wp\/v2\/types\/post"}],"author":[{"embeddable":true,"href":"https:\/\/blogs.hoy.es\/Juandomingofernandez\/wp-json\/wp\/v2\/users\/13"}],"replies":[{"embeddable":true,"href":"https:\/\/blogs.hoy.es\/Juandomingofernandez\/wp-json\/wp\/v2\/comments?post=1206"}],"version-history":[{"count":1,"href":"https:\/\/blogs.hoy.es\/Juandomingofernandez\/wp-json\/wp\/v2\/posts\/1206\/revisions"}],"predecessor-version":[{"id":1207,"href":"https:\/\/blogs.hoy.es\/Juandomingofernandez\/wp-json\/wp\/v2\/posts\/1206\/revisions\/1207"}],"wp:attachment":[{"href":"https:\/\/blogs.hoy.es\/Juandomingofernandez\/wp-json\/wp\/v2\/media?parent=1206"}],"wp:term":[{"taxonomy":"category","embeddable":true,"href":"https:\/\/blogs.hoy.es\/Juandomingofernandez\/wp-json\/wp\/v2\/categories?post=1206"},{"taxonomy":"post_tag","embeddable":true,"href":"https:\/\/blogs.hoy.es\/Juandomingofernandez\/wp-json\/wp\/v2\/tags?post=1206"}],"curies":[{"name":"wp","href":"https:\/\/api.w.org\/{rel}","templated":true}]}}