{"id":129,"date":"2009-02-13T00:31:57","date_gmt":"2009-02-13T00:31:57","guid":{"rendered":"http:\/\/blogs.hoy.es\/Juandomingofernandez\/?p=129"},"modified":"2009-02-13T00:31:57","modified_gmt":"2009-02-13T00:31:57","slug":"hipotesis-sobre-larra","status":"publish","type":"post","link":"https:\/\/blogs.hoy.es\/Juandomingofernandez\/2009\/02\/13\/hipotesis-sobre-larra\/","title":{"rendered":"Hip\u00f3tesis sobre Larra"},"content":{"rendered":"<p><meta http-equiv=\"Content-Type\" content=\"text\/html; charset=utf-8\"><meta name=\"ProgId\" content=\"Word.Document\"><meta name=\"Generator\" content=\"Microsoft Word 11\"><meta name=\"Originator\" content=\"Microsoft Word 11\"><link rel=\"File-List\" href=\"file:\/\/\/C:%5CDOCUME%7E1%5CTEMP%5CCONFIG%7E1%5CTemp%5Cmsohtml1%5C01%5Cclip_filelist.xml\"><!--[if gte mso 9]><xml>  <w:WordDocument>   <w:View>Normal<\/w:View>   <w:Zoom>0<\/w:Zoom>   <w:HyphenationZone>21<\/w:HyphenationZone>   <w:PunctuationKerning\/>   <w:ValidateAgainstSchemas\/>   <w:SaveIfXMLInvalid>false<\/w:SaveIfXMLInvalid>   <w:IgnoreMixedContent>false<\/w:IgnoreMixedContent>   <w:AlwaysShowPlaceholderText>false<\/w:AlwaysShowPlaceholderText>   <w:Compatibility>    <w:BreakWrappedTables\/>    <w:SnapToGridInCell\/>    <w:WrapTextWithPunct\/>    <w:UseAsianBreakRules\/>    <w:DontGrowAutofit\/>   <\/w:Compatibility>   <w:BrowserLevel>MicrosoftInternetExplorer4<\/w:BrowserLevel>  <\/w:WordDocument> <\/xml><![endif]--><!--[if gte mso 9]><xml>  <w:LatentStyles DefLockedState=\"false\" LatentStyleCount=\"156\">  <\/w:LatentStyles> <\/xml><![endif]--><\/p>\n<style> <!--  \/* Style Definitions *\/  p.MsoNormal, li.MsoNormal, div.MsoNormal {mso-style-parent:\"\"; margin:0in; margin-bottom:.0001pt; mso-pagination:widow-orphan; font-size:12.0pt; font-family:\"Times New Roman\"; mso-fareast-font-family:\"Times New Roman\"; mso-ansi-language:ES-TRAD; mso-fareast-language:ES-TRAD;} @page Section1 {size:595.0pt 842.0pt; margin:70.85pt 85.05pt 70.85pt 85.05pt; mso-header-margin:35.4pt; mso-footer-margin:35.4pt; mso-paper-source:0;} div.Section1 {page:Section1;} --> <\/style>\n<p><!--[if gte mso 10]> \n\n<style>  \/* Style Definitions *\/  table.MsoNormalTable {mso-style-name:\"Tabla normal\"; mso-tstyle-rowband-size:0; mso-tstyle-colband-size:0; mso-style-noshow:yes; mso-style-parent:\"\"; mso-padding-alt:0in 5.4pt 0in 5.4pt; mso-para-margin:0in; mso-para-margin-bottom:.0001pt; mso-pagination:widow-orphan; font-size:10.0pt; font-family:\"Times New Roman\"; mso-ansi-language:#0400; mso-fareast-language:#0400; mso-bidi-language:#0400;} <\/style>\n\n <![endif]--><big>Tal d\u00eda como hoy, 13 de febrero, pero de 1837, Mariano Jos\u00e9 de Larra se descerraj\u00f3 un tiro en la sien y ascendi\u00f3 al cielo period\u00edstico y literario de Espa\u00f1a. Sin hacer cola en esa ventanilla donde siempre te dicen \u00abVuelva usted ma\u00f1ana\u00bb.  <\/p>\n<p>Larra ten\u00eda entonces 27 a\u00f1os. Estaba separado y adem\u00e1s de haberse batido el cobre con los demonios de una sociedad tentada por males ancestrales viv\u00eda enamorado como un adolescente de una mujer casada, Dolores Armijo, que ese fat\u00eddico 13 de febrero fue a la casa de Larra para pedirle las cartas que se hab\u00edan intercambiado y anunciarle que su \u2018love story\u2019 llegaba al final.  <\/p>\n<p>Lo que sigui\u00f3 a esa detonaci\u00f3n es historia y leyenda. Su entierro se convirti\u00f3 en una reivindicaci\u00f3n p\u00fablica de la libertad de pensamiento y dio ocasi\u00f3n a que un joven poeta de 20 a\u00f1os, Jos\u00e9 Zorrilla, leyera una eleg\u00eda improvisada con la que salt\u00f3 a la fama y pudo sustituir al propio Larra como articulista en \u2018El Espa\u00f1ol\u2019. <\/p>\n<p>El suicidio \u2013por amor\u2013 de aquella alma rom\u00e1ntica y cr\u00edtica alumbr\u00f3 una obra de alto contenido proteico para el pensamiento de muchas generaciones, entre ellas la de los hombres del 98, quienes rindieron hace cien a\u00f1os un simb\u00f3lico homenaje ante la tumba de Larra. En la primera mitad del siglo XIX el hombre que nos hab\u00eda advertido de que \u00abEscribir en Madrid es llorar\u00bb o de que \u00abTodo el a\u00f1o es carnaval\u00bb, se quita del medio por un mal de amores y entra en la posteridad literaria y period\u00edstica.  <\/p>\n<p>De haber vivido en nuestros d\u00edas, \u00bfqu\u00e9 hubiera ocurrido con un escritor que a los 27 a\u00f1os se vuela la tapa de los sesos de un pistoletazo tras entrevistarse con una amante decidida a no seguir am\u00e1ndole?  <\/p>\n<p>Se lo voy a decir. No aparecer\u00eda ning\u00fan Zorrilla eleg\u00edaco para cantar las glorias del finado, pues los ingeniosos del verso ahora se dedican a escribir mon\u00f3logos o guiones para las series de humor. Los amigos \u00edntimos procurar\u00edan \u2018maquillar\u2019 la \u00abfat\u00eddica decisi\u00f3n\u00bb adorn\u00e1ndola con razones morales de inter\u00e9s general (matarse por amor no parece cosa seria en estos tiempos). Y por \u00faltimo, alguien del \u2018entorno\u2019 de los amantes, bien de ella o bien de \u00e9l, negociar\u00eda con las televisiones para llev\u00e1rselo crudo por contar chismes en los programas del coraz\u00f3n. Mejor que Larra no regrese.<\/big><\/p>\n<!-- AddThis Advanced Settings generic via filter on the_content --><!-- AddThis Share Buttons generic via filter on the_content -->","protected":false},"excerpt":{"rendered":"<p>Tal d\u00eda como hoy, 13 de febrero, pero de 1837, Mariano Jos\u00e9 de Larra se descerraj\u00f3 un tiro en la sien y ascendi\u00f3 al cielo period\u00edstico y literario de Espa\u00f1a. Sin hacer cola en esa ventanilla donde siempre te dicen \u00abVuelva usted ma\u00f1ana\u00bb. Larra ten\u00eda entonces 27 a\u00f1os. Estaba separado y adem\u00e1s de haberse batido [&hellip;]<!-- AddThis Advanced Settings generic via filter on get_the_excerpt --><!-- AddThis Share Buttons generic via filter on get_the_excerpt --><\/p>\n","protected":false},"author":13,"featured_media":0,"comment_status":"open","ping_status":"closed","sticky":false,"template":"","format":"standard","meta":[],"categories":[1],"tags":[732,763,987],"_links":{"self":[{"href":"https:\/\/blogs.hoy.es\/Juandomingofernandez\/wp-json\/wp\/v2\/posts\/129"}],"collection":[{"href":"https:\/\/blogs.hoy.es\/Juandomingofernandez\/wp-json\/wp\/v2\/posts"}],"about":[{"href":"https:\/\/blogs.hoy.es\/Juandomingofernandez\/wp-json\/wp\/v2\/types\/post"}],"author":[{"embeddable":true,"href":"https:\/\/blogs.hoy.es\/Juandomingofernandez\/wp-json\/wp\/v2\/users\/13"}],"replies":[{"embeddable":true,"href":"https:\/\/blogs.hoy.es\/Juandomingofernandez\/wp-json\/wp\/v2\/comments?post=129"}],"version-history":[{"count":0,"href":"https:\/\/blogs.hoy.es\/Juandomingofernandez\/wp-json\/wp\/v2\/posts\/129\/revisions"}],"wp:attachment":[{"href":"https:\/\/blogs.hoy.es\/Juandomingofernandez\/wp-json\/wp\/v2\/media?parent=129"}],"wp:term":[{"taxonomy":"category","embeddable":true,"href":"https:\/\/blogs.hoy.es\/Juandomingofernandez\/wp-json\/wp\/v2\/categories?post=129"},{"taxonomy":"post_tag","embeddable":true,"href":"https:\/\/blogs.hoy.es\/Juandomingofernandez\/wp-json\/wp\/v2\/tags?post=129"}],"curies":[{"name":"wp","href":"https:\/\/api.w.org\/{rel}","templated":true}]}}