{"id":130,"date":"2009-02-20T00:02:33","date_gmt":"2009-02-20T00:02:33","guid":{"rendered":"http:\/\/blogs.hoy.es\/Juandomingofernandez\/?p=130"},"modified":"2009-02-20T00:02:33","modified_gmt":"2009-02-20T00:02:33","slug":"los-precoces-y-pero-palo","status":"publish","type":"post","link":"https:\/\/blogs.hoy.es\/Juandomingofernandez\/2009\/02\/20\/los-precoces-y-pero-palo\/","title":{"rendered":"Los precoces y el Pero Palo"},"content":{"rendered":"<p><meta http-equiv=\"Content-Type\" content=\"text\/html; charset=utf-8\"><meta name=\"ProgId\" content=\"Word.Document\"><meta name=\"Generator\" content=\"Microsoft Word 11\"><meta name=\"Originator\" content=\"Microsoft Word 11\"><link rel=\"File-List\" href=\"file:\/\/\/C:%5CDOCUME%7E1%5CTEMP%5CCONFIG%7E1%5CTemp%5Cmsohtml1%5C01%5Cclip_filelist.xml\"><o:smarttagtype namespaceuri=\"urn:schemas-microsoft-com:office:smarttags\" name=\"PersonName\"><\/o:smarttagtype><!--[if gte mso 9]><xml>  <w:WordDocument>   <w:View>Normal<\/w:View>   <w:Zoom>0<\/w:Zoom>   <w:HyphenationZone>21<\/w:HyphenationZone>   <w:PunctuationKerning\/>   <w:ValidateAgainstSchemas\/>   <w:SaveIfXMLInvalid>false<\/w:SaveIfXMLInvalid>   <w:IgnoreMixedContent>false<\/w:IgnoreMixedContent>   <w:AlwaysShowPlaceholderText>false<\/w:AlwaysShowPlaceholderText>   <w:Compatibility>    <w:BreakWrappedTables\/>    <w:SnapToGridInCell\/>    <w:WrapTextWithPunct\/>    <w:UseAsianBreakRules\/>    <w:DontGrowAutofit\/>   <\/w:Compatibility>   <w:BrowserLevel>MicrosoftInternetExplorer4<\/w:BrowserLevel>  <\/w:WordDocument> <\/xml><![endif]--><!--[if gte mso 9]><xml>  <w:LatentStyles DefLockedState=\"false\" LatentStyleCount=\"156\">  <\/w:LatentStyles> <\/xml><![endif]--><!--[if !mso]><object  classid=\"clsid:38481807-CA0E-42D2-BF39-B33AF135CC4D\" id=ieooui><\/object> \n\n<style> st1\\:*{behavior:url(#ieooui) } <\/style>\n\n <![endif]--><\/p>\n<style> <!--  \/* Style Definitions *\/  p.MsoNormal, li.MsoNormal, div.MsoNormal {mso-style-parent:\"\"; margin:0in; margin-bottom:.0001pt; mso-pagination:widow-orphan; font-size:12.0pt; font-family:\"Times New Roman\"; mso-fareast-font-family:\"Times New Roman\"; mso-ansi-language:ES-TRAD; mso-fareast-language:ES-TRAD;} @page Section1 {size:595.0pt 842.0pt; margin:70.85pt 85.05pt 70.85pt 85.05pt; mso-header-margin:35.4pt; mso-footer-margin:35.4pt; mso-paper-source:0;} div.Section1 {page:Section1;} --> <\/style>\n<p><!--[if gte mso 10]> \n\n<style>  \/* Style Definitions *\/  table.MsoNormalTable {mso-style-name:\"Tabla normal\"; mso-tstyle-rowband-size:0; mso-tstyle-colband-size:0; mso-style-noshow:yes; mso-style-parent:\"\"; mso-padding-alt:0in 5.4pt 0in 5.4pt; mso-para-margin:0in; mso-para-margin-bottom:.0001pt; mso-pagination:widow-orphan; font-size:10.0pt; font-family:\"Times New Roman\"; mso-ansi-language:#0400; mso-fareast-language:#0400; mso-bidi-language:#0400;} <\/style>\n\n <![endif]--><strong>Cuando ten\u00eda 13 a\u00f1os de edad, Miguel \u00c1ngel Bounarroti (autor de la \u2018Piedad\u2019, \u2018David\u2019, \u2018Mois\u00e9s\u2019, los frescos de la b\u00f3veda de la Capilla Sixtina, etc\u00e9tera) pintaba como un maestro y asombraba ya al mundo. No ten\u00eda muchos m\u00e1s a\u00f1os Salvador Dal\u00ed cuando desvel\u00f3 su portentosa capacidad para el dibujo ni aquel Pablo Picasso adolescente que logr\u00f3 una menci\u00f3n en la Exposici\u00f3n Nacional de Bellas Artes de 1897 con su lienzo \u2018Ciencia y Caridad\u2019. <\/p>\n<p>La historia del mundo est\u00e1 llena de personajes en los que la precocidad es un valor ligado casi siempre a biograf\u00edas ejemplares. Sobre todo en el mundo de la creaci\u00f3n. Desde el Alejandro Magno que a los 13 a\u00f1os recib\u00eda las ense\u00f1anzas de Arist\u00f3teles hasta el Arthur Rimbaud cuya madre escrib\u00eda preocupada e inquieta a su maestro, el se\u00f1or Izambard, porque le hab\u00eda dejado para leer \u2018Los miserables\u2019, de V\u00edctor Hugo a un joven de 16 a\u00f1os&#8230; Un joven que iba a escribir entre los 16 y los 20 a\u00f1os una obra literaria con cimas universales como \u2018Iluminaciones\u2019 o \u2018Una temporada en el infierno\u2019 y que vivi\u00f3 una de las m\u00e1s vehementes relaciones amorosas (peleas, huidas, separaciones y disparos incluidos) con otro genio, Paul Verlaine. <\/p>\n<p>Durante siglos, los laureles de la gloria y de la fama fueron conquistas de genios precoces y creadores, desde Zorrilla hasta el Claudio Rodr\u00edguez que a los 18 a\u00f1os hab\u00eda concluido ya \u2018Don de la ebriedad\u2019. <\/p>\n<p>Ahora el mundo es distinto. Y m\u00e1s distinto a\u00fan en el Occidente rico de Europa. En esa naci\u00f3n reci\u00e9n nacida y universal que es Google (como gr\u00e1ficamente desvela Arcadi Espada) el paradigma de la precocidad lo encarnan un chico de 13 a\u00f1os y una adolescente de 15 que acaban de tener un hijo fruto de su primer acto sexual, lo que les ha convertido en protagonistas formidables del universo medi\u00e1tico. Algo parecido, salvando las distancias, con el estrellato logrado esta misma semana por algunos adolescentes cuyos testimonios alimentaron los plat\u00f3s a ra\u00edz del asesinato de la joven sevillana Marta del Castillo. <\/p>\n<p>Algo falla en el sistema. Igual que falla cuando centenares de italianos dedican sus energ\u00edas a criticar el sufrimiento del burro del Pero Palo sin dar prioridad, por ejemplo, a la tragedia de los inmigrantes en la isla italiana de Lampedusa.<\/strong><\/p>\n<!-- AddThis Advanced Settings generic via filter on the_content --><!-- AddThis Share Buttons generic via filter on the_content -->","protected":false},"excerpt":{"rendered":"<p>Cuando ten\u00eda 13 a\u00f1os de edad, Miguel \u00c1ngel Bounarroti (autor de la \u2018Piedad\u2019, \u2018David\u2019, \u2018Mois\u00e9s\u2019, los frescos de la b\u00f3veda de la Capilla Sixtina, etc\u00e9tera) pintaba como un maestro y asombraba ya al mundo. No ten\u00eda muchos m\u00e1s a\u00f1os Salvador Dal\u00ed cuando desvel\u00f3 su portentosa capacidad para el dibujo ni aquel Pablo Picasso adolescente que [&hellip;]<!-- AddThis Advanced Settings generic via filter on get_the_excerpt --><!-- AddThis Share Buttons generic via filter on get_the_excerpt --><\/p>\n","protected":false},"author":13,"featured_media":0,"comment_status":"open","ping_status":"closed","sticky":false,"template":"","format":"standard","meta":[],"categories":[1],"tags":[1030,1116],"_links":{"self":[{"href":"https:\/\/blogs.hoy.es\/Juandomingofernandez\/wp-json\/wp\/v2\/posts\/130"}],"collection":[{"href":"https:\/\/blogs.hoy.es\/Juandomingofernandez\/wp-json\/wp\/v2\/posts"}],"about":[{"href":"https:\/\/blogs.hoy.es\/Juandomingofernandez\/wp-json\/wp\/v2\/types\/post"}],"author":[{"embeddable":true,"href":"https:\/\/blogs.hoy.es\/Juandomingofernandez\/wp-json\/wp\/v2\/users\/13"}],"replies":[{"embeddable":true,"href":"https:\/\/blogs.hoy.es\/Juandomingofernandez\/wp-json\/wp\/v2\/comments?post=130"}],"version-history":[{"count":0,"href":"https:\/\/blogs.hoy.es\/Juandomingofernandez\/wp-json\/wp\/v2\/posts\/130\/revisions"}],"wp:attachment":[{"href":"https:\/\/blogs.hoy.es\/Juandomingofernandez\/wp-json\/wp\/v2\/media?parent=130"}],"wp:term":[{"taxonomy":"category","embeddable":true,"href":"https:\/\/blogs.hoy.es\/Juandomingofernandez\/wp-json\/wp\/v2\/categories?post=130"},{"taxonomy":"post_tag","embeddable":true,"href":"https:\/\/blogs.hoy.es\/Juandomingofernandez\/wp-json\/wp\/v2\/tags?post=130"}],"curies":[{"name":"wp","href":"https:\/\/api.w.org\/{rel}","templated":true}]}}