{"id":134,"date":"2009-03-20T10:44:59","date_gmt":"2009-03-20T10:44:59","guid":{"rendered":"http:\/\/blogs.hoy.es\/Juandomingofernandez\/?p=134"},"modified":"2009-03-20T10:44:59","modified_gmt":"2009-03-20T10:44:59","slug":"del-mono-al-lince","status":"publish","type":"post","link":"https:\/\/blogs.hoy.es\/Juandomingofernandez\/2009\/03\/20\/del-mono-al-lince\/","title":{"rendered":"Del mono al lince"},"content":{"rendered":"<p>En mitad de esta trifulca ideol\u00f3gica-moral que convierte a Darwin, a Galileo y a Giordano Bruno en armas arrojadizas contra una iglesia percibida como inquisitorial y cerril, la disputa se encrespa con episodios recientes: la actitud \u2018comprensiva\u2019 del papa Benedicto XVI con el obispo lefebvriano que niega la existencia del holocausto; su oposici\u00f3n al uso del preservativo en la lucha contra el sida; la excomuni\u00f3n de los m\u00e9dicos y la madre de la ni\u00f1a de nueve a\u00f1os violada en Brasil por su padrastro y que abort\u00f3 los gemelos fruto de esa agresi\u00f3n; las cr\u00edticas por el caso de Javier, el ni\u00f1o que los m\u00e9dicos del Hospital Virgen del Rocio de Sevilla lograron que viniera al mundo sin una enfermedad hereditaria incurable y de paso librar de una muerte prematura a su hermano Andr\u00e9s, de 7 a\u00f1os; la pol\u00e9mica campa\u00f1a de los obispos comparando a un beb\u00e9 con un lince&#8230;<\/p>\n<p> Por no hablar de las cansinas diatribas a ra\u00edz de la asignatura Educaci\u00f3n para la Ciudadan\u00eda o las (en mi opini\u00f3n m\u00e1s que justificadas) cr\u00edticas a la reforma que la ministra Bibiana Aido, \u2018la miembra\u2019, prepara en la llamada ley del aborto. <\/p>\n<p> No parece cabal pedirle a la Iglesia que cambie de posici\u00f3n en cuestiones que considera doctrinalmente fundamentales. Y creo que el aborto es una de ellas. Lo que s\u00ed se le puede reclamar, desde la perspectiva del ciudadano \u2013creyente o no\u2013 es  igual celo en la defensa de la vida en todos los \u00e1mbitos del mundo: incluidos los sistemas  pol\u00edticos y sociales que explotan a los ni\u00f1os, que permiten las injusticias, que especulan con los valores fundamentales del ser humano. Quiz\u00e1s as\u00ed aumente su implantaci\u00f3n social y no nos parezca en ocasiones contradictorio su mensaje.<\/p>\n<p> Hace 101 a\u00f1os, un fil\u00f3sofo y escritor espa\u00f1ol expuso su opini\u00f3n sobre un asunto que parece consustancial con la vida religiosa, con las concepciones morales: <\/p>\n<p> \u00abHay que civilizar el cristianismo, y por civilizar entended hacerlo civil, para que deje de ser eclesi\u00e1stico; infundirlo en la vida civil, en la civilidad, desempe\u00f1\u00e1ndolo de la Iglesia. Y hay que proclamar la santidad de la ciencia\u00bb.<\/p>\n<p> El fil\u00f3sofo se llamaba Miguel de Unamuno. Sus palabras figuran en un libro de conferencias, pronunciadas en el Pa\u00eds Vasco, que acaba de editar el profesor Ricardo Senabre.<\/p>\n<!-- AddThis Advanced Settings generic via filter on the_content --><!-- AddThis Share Buttons generic via filter on the_content -->","protected":false},"excerpt":{"rendered":"<p>En mitad de esta trifulca ideol\u00f3gica-moral que convierte a Darwin, a Galileo y a Giordano Bruno en armas arrojadizas contra una iglesia percibida como inquisitorial y cerril, la disputa se encrespa con episodios recientes: la actitud \u2018comprensiva\u2019 del papa Benedicto XVI con el obispo lefebvriano que niega la existencia del holocausto; su oposici\u00f3n al uso [&hellip;]<!-- AddThis Advanced Settings generic via filter on get_the_excerpt --><!-- AddThis Share Buttons generic via filter on get_the_excerpt --><\/p>\n","protected":false},"author":13,"featured_media":0,"comment_status":"open","ping_status":"closed","sticky":false,"template":"","format":"standard","meta":[],"categories":[1],"tags":[79,870,1184],"_links":{"self":[{"href":"https:\/\/blogs.hoy.es\/Juandomingofernandez\/wp-json\/wp\/v2\/posts\/134"}],"collection":[{"href":"https:\/\/blogs.hoy.es\/Juandomingofernandez\/wp-json\/wp\/v2\/posts"}],"about":[{"href":"https:\/\/blogs.hoy.es\/Juandomingofernandez\/wp-json\/wp\/v2\/types\/post"}],"author":[{"embeddable":true,"href":"https:\/\/blogs.hoy.es\/Juandomingofernandez\/wp-json\/wp\/v2\/users\/13"}],"replies":[{"embeddable":true,"href":"https:\/\/blogs.hoy.es\/Juandomingofernandez\/wp-json\/wp\/v2\/comments?post=134"}],"version-history":[{"count":0,"href":"https:\/\/blogs.hoy.es\/Juandomingofernandez\/wp-json\/wp\/v2\/posts\/134\/revisions"}],"wp:attachment":[{"href":"https:\/\/blogs.hoy.es\/Juandomingofernandez\/wp-json\/wp\/v2\/media?parent=134"}],"wp:term":[{"taxonomy":"category","embeddable":true,"href":"https:\/\/blogs.hoy.es\/Juandomingofernandez\/wp-json\/wp\/v2\/categories?post=134"},{"taxonomy":"post_tag","embeddable":true,"href":"https:\/\/blogs.hoy.es\/Juandomingofernandez\/wp-json\/wp\/v2\/tags?post=134"}],"curies":[{"name":"wp","href":"https:\/\/api.w.org\/{rel}","templated":true}]}}