{"id":137,"date":"2009-04-10T00:04:00","date_gmt":"2009-04-10T00:04:00","guid":{"rendered":"http:\/\/blogs.hoy.es\/Juandomingofernandez\/?p=137"},"modified":"2009-04-10T00:04:00","modified_gmt":"2009-04-10T00:04:00","slug":"la-memoria-programada","status":"publish","type":"post","link":"https:\/\/blogs.hoy.es\/Juandomingofernandez\/2009\/04\/10\/la-memoria-programada\/","title":{"rendered":"La memoria programada"},"content":{"rendered":"<p><meta http-equiv=\"Content-Type\" content=\"text\/html; charset=utf-8\"><meta name=\"ProgId\" content=\"Word.Document\"><meta name=\"Generator\" content=\"Microsoft Word 11\"><meta name=\"Originator\" content=\"Microsoft Word 11\"><link rel=\"File-List\" href=\"file:\/\/\/C:%5CDOCUME%7E1%5CTEMP%5CCONFIG%7E1%5CTemp%5Cmsohtml1%5C01%5Cclip_filelist.xml\"><o:smarttagtype namespaceuri=\"urn:schemas-microsoft-com:office:smarttags\" name=\"PersonName\"><\/o:smarttagtype><strong>El hombre no est\u00e1 hecho de barro sino de recuerdos. El hombre es lo que ha vivido. Por eso Borges advierte que sin memoria no existir\u00eda la imaginaci\u00f3n y Cervantes se lamenta de que la memoria es la \u00abenemiga mortal de mi descanso\u00bb. <\/p>\n<p>A pesar de ello, \u00bfqui\u00e9n no ha so\u00f1ado alguna vez con desprenderse de los malos momentos de la vida, borrar de un plumazo los desamores, esa espina en el coraz\u00f3n clavada, los cataclismos de la juventud, incluso las derrotas ominosas de nuestro equipo de f\u00fatbol? (Sobre todo si trata de seguidores del Atl\u00e9tico de Madrid que, por suerte, no es mi caso). <\/p>\n<p>Ser invisible o no sufrir el peso de culpa alguna son aspiraciones secretas y recurrentes. La ciencia acaba de dar un paso en esta carrera vertiginosa y fant\u00e1stica. Expertos en neurolog\u00eda del sistema universitario estatal en Nueva York est\u00e1n experimentado con un f\u00e1rmaco, denominado ZIP, que aplicado a una mol\u00e9cula en el cerebro es capaz de bloquear determinadas informaciones aprendidas, seg\u00fan un art\u00edculo publicado por \u2018The New York Times\u2019. <\/p>\n<p>El experimento, llevado a cabo con animales, abre un formidable abanico de posibilidades en el tratamiento de recuerdos traum\u00e1ticos, de adiciones varias o en el campo de la memoria y del aprendizaje si, como suponen los expertos en neurociencia, el sistema de memoria trabaja de forma casi id\u00e9ntica en las personas. <\/p>\n<p>Cu\u00e1ntos so\u00f1ar\u00e1n ahora con acudir al hospital con el cerebro lleno de hojarasca y puntos negros como el conductor que acude a la ITV o el usuario inform\u00e1tico para que le \u2018reset\u00e9n\u2019 la computadora. Con la ventaja a\u00f1adida de que no har\u00e1 falta borrar todo el disco duro, tan solo aquellos \u2018archivos\u2019 da\u00f1ados, esos iconos malditos del lado oscuro, enquistados m\u00e1s all\u00e1 de la l\u00ednea de sombra. <\/p>\n<p>Sin embargo, me inquieta la efectividad real de estos avances. \u00bfAcaso no es verdad que la paloma, que se lamenta eternamente por la resistencia del aire, ser\u00eda incapaz de volar si no dispusiera de ese aire en que se apoyan sus alas? Si el hombre aprende de sus errores y nunca a trav\u00e9s de cabeza ajena, qu\u00e9 ocurrir\u00e1 cuando decida borrar las contrariedades de la vida, los palos que le hicieron ganar experiencia? \u00bfSaben lo que les digo? No pedir\u00e9 que me suministren ZIP. De momento.<\/strong><\/p>\n<!-- AddThis Advanced Settings generic via filter on the_content --><!-- AddThis Share Buttons generic via filter on the_content -->","protected":false},"excerpt":{"rendered":"<p>El hombre no est\u00e1 hecho de barro sino de recuerdos. El hombre es lo que ha vivido. Por eso Borges advierte que sin memoria no existir\u00eda la imaginaci\u00f3n y Cervantes se lamenta de que la memoria es la \u00abenemiga mortal de mi descanso\u00bb. A pesar de ello, \u00bfqui\u00e9n no ha so\u00f1ado alguna vez con desprenderse [&hellip;]<!-- AddThis Advanced Settings generic via filter on get_the_excerpt --><!-- AddThis Share Buttons generic via filter on get_the_excerpt --><\/p>\n","protected":false},"author":13,"featured_media":0,"comment_status":"open","ping_status":"closed","sticky":false,"template":"","format":"standard","meta":[],"categories":[1],"tags":[829,909,1086],"_links":{"self":[{"href":"https:\/\/blogs.hoy.es\/Juandomingofernandez\/wp-json\/wp\/v2\/posts\/137"}],"collection":[{"href":"https:\/\/blogs.hoy.es\/Juandomingofernandez\/wp-json\/wp\/v2\/posts"}],"about":[{"href":"https:\/\/blogs.hoy.es\/Juandomingofernandez\/wp-json\/wp\/v2\/types\/post"}],"author":[{"embeddable":true,"href":"https:\/\/blogs.hoy.es\/Juandomingofernandez\/wp-json\/wp\/v2\/users\/13"}],"replies":[{"embeddable":true,"href":"https:\/\/blogs.hoy.es\/Juandomingofernandez\/wp-json\/wp\/v2\/comments?post=137"}],"version-history":[{"count":0,"href":"https:\/\/blogs.hoy.es\/Juandomingofernandez\/wp-json\/wp\/v2\/posts\/137\/revisions"}],"wp:attachment":[{"href":"https:\/\/blogs.hoy.es\/Juandomingofernandez\/wp-json\/wp\/v2\/media?parent=137"}],"wp:term":[{"taxonomy":"category","embeddable":true,"href":"https:\/\/blogs.hoy.es\/Juandomingofernandez\/wp-json\/wp\/v2\/categories?post=137"},{"taxonomy":"post_tag","embeddable":true,"href":"https:\/\/blogs.hoy.es\/Juandomingofernandez\/wp-json\/wp\/v2\/tags?post=137"}],"curies":[{"name":"wp","href":"https:\/\/api.w.org\/{rel}","templated":true}]}}