{"id":138,"date":"2009-04-17T00:21:00","date_gmt":"2009-04-17T00:21:00","guid":{"rendered":"http:\/\/blogs.hoy.es\/Juandomingofernandez\/?p=138"},"modified":"2009-04-17T00:21:00","modified_gmt":"2009-04-17T00:21:00","slug":"botox-varones","status":"publish","type":"post","link":"https:\/\/blogs.hoy.es\/Juandomingofernandez\/2009\/04\/17\/botox-varones\/","title":{"rendered":"Botox para varones"},"content":{"rendered":"<p><meta http-equiv=\"Content-Type\" content=\"text\/html; charset=utf-8\"><meta name=\"ProgId\" content=\"Word.Document\"><meta name=\"Generator\" content=\"Microsoft Word 11\"><meta name=\"Originator\" content=\"Microsoft Word 11\"><link rel=\"File-List\" href=\"file:\/\/\/C:%5CDOCUME%7E1%5CTEMP%5CCONFIG%7E1%5CTemp%5Cmsohtml1%5C01%5Cclip_filelist.xml\"><o:smarttagtype namespaceuri=\"urn:schemas-microsoft-com:office:smarttags\" name=\"PersonName\"><\/o:smarttagtype>  <\/p>\n<p class=\"MsoNormal\"><span lang=\"ES-TRAD\">AL contrario que la mujer, sometida de manera ancestral a la dictadura de la belleza, el hombre ha contado siempre en esa competici\u00f3n de la especie con m\u00e1s salidas de escape. Pobre de la mujer fea, obligada a compensar tal lastre con la \u2018belleza interior\u2019 o con las glorias del mundo, mayormente t\u00edtulos y buenas rentas.<span style=\"\">  <\/span>A los hombres, sin embargo, la tradici\u00f3n social les obsequia con otros atributos: la fuerza bruta, el arrojo, la inteligencia, el humor&#8230; Hasta el refranero y la sabidur\u00eda popular salen en su ayuda: \u00abEl hombre y el oso, cuanto m\u00e1s feo, m\u00e1s hermoso\u00bb. \u00abNo es guapo, \u00a1pero es tan gracioso, tan simp\u00e1tico!\u00bb<\/span><\/p>\n<p class=\"MsoNormal\"><span lang=\"ES-TRAD\">Por suerte, ni los esquemas sociales son monol\u00edticos ni la mujer es ya (o al menos no tanto) esclava de prejuicios y clich\u00e9s discriminatorios. Es verdad que a\u00fan hay \u2018talibanes\u2019 del antifeminismo, pero en nuestro mundo lo del hombre y el oso pasa por anacr\u00f3nico. Pura antigualla. Ah\u00ed va el dato: una de cada cuatro consultas al dermat\u00f3logo por motivos est\u00e9ticos son ya de hombres que se sienten preocupados por su aspecto, seg\u00fan acaba de explicar el presidente de <st1:personname productid=\"la Academia Espa\u00f1ola\" w:st=\"on\">la Academia Espa\u00f1ola<\/st1:personname> de Dermatolog\u00eda, Juli\u00e1n Conejero-Mir.<span style=\"\">  <\/span><\/span><\/p>\n<p class=\"MsoNormal\"><span lang=\"ES-TRAD\">Y no se trata de las cl\u00e1sicas visitas por alopecia o acn\u00e9; el principal motivo est\u00e9tico \u00abes para asesorarse acerca de cremas contra las arrugas y las manchas en la piel\u00bb. No faltan varones que solicitan hasta tratamientos con botox. <\/span><\/p>\n<p class=\"MsoNormal\"><span lang=\"ES-TRAD\">En este pa\u00eds en el que los barberos m\u00e1s conocidos, \u2013el del Quijote y F\u00edgaro\u2013 alcanzaron renombre por su ingenio, no gracias a sus mejunjes, hemos pasado de pronto del \u2018After sun\u2019 y la loci\u00f3n Varon Dandy para despu\u00e9s del afeitado a la apoteosis de las cremas antiarrugas. Y al oso que le den por saco.<\/span><\/p>\n<p class=\"MsoNormal\"><span lang=\"ES-TRAD\">Hace doscientos a\u00f1os, Voltaire, siempre tan reticente ante los m\u00e9dicos, dec\u00eda que \u00abel arte de la medicina consiste en divertir al paciente mientras la naturaleza realiza la cura\u00bb. Desde hace un siglo, los fil\u00f3sofos de barra de bar sostienen que a partir de los cuarenta a\u00f1os, cada hombre es responsable de su cara. Visto el asunto con perspectiva, a m\u00ed me parece que el m\u00e1s visionario fue Groucho Marx cuando, hace cincuenta a\u00f1os, solt\u00f3 otra de sus humoradas:<span style=\"\">  <\/span>\u00abEl aspecto que tiene se lo debe a su padre. Es cirujano pl\u00e1stico\u00bb. Y eso que entonces nadie se trataba con botox.<\/span><\/p>\n<p>  <meta http-equiv=\"Content-Type\" content=\"text\/html; charset=utf-8\"><meta name=\"ProgId\" content=\"Word.Document\"><meta name=\"Generator\" content=\"Microsoft Word 11\"><meta name=\"Originator\" content=\"Microsoft Word 11\"><link rel=\"File-List\" href=\"file:\/\/\/C:%5CDOCUME%7E1%5CTEMP%5CCONFIG%7E1%5CTemp%5Cmsohtml1%5C01%5Cclip_filelist.xml\"><o:smarttagtype namespaceuri=\"urn:schemas-microsoft-com:office:smarttags\" name=\"PersonName\"><\/o:smarttagtype><\/p>\n<!-- AddThis Advanced Settings generic via filter on the_content --><!-- AddThis Share Buttons generic via filter on the_content -->","protected":false},"excerpt":{"rendered":"<p>AL contrario que la mujer, sometida de manera ancestral a la dictadura de la belleza, el hombre ha contado siempre en esa competici\u00f3n de la especie con m\u00e1s salidas de escape. Pobre de la mujer fea, obligada a compensar tal lastre con la \u2018belleza interior\u2019 o con las glorias del mundo, mayormente t\u00edtulos y buenas [&hellip;]<!-- AddThis Advanced Settings generic via filter on get_the_excerpt --><!-- AddThis Share Buttons generic via filter on get_the_excerpt --><\/p>\n","protected":false},"author":13,"featured_media":0,"comment_status":"open","ping_status":"closed","sticky":false,"template":"","format":"standard","meta":[],"categories":[1],"tags":[146,169,471],"_links":{"self":[{"href":"https:\/\/blogs.hoy.es\/Juandomingofernandez\/wp-json\/wp\/v2\/posts\/138"}],"collection":[{"href":"https:\/\/blogs.hoy.es\/Juandomingofernandez\/wp-json\/wp\/v2\/posts"}],"about":[{"href":"https:\/\/blogs.hoy.es\/Juandomingofernandez\/wp-json\/wp\/v2\/types\/post"}],"author":[{"embeddable":true,"href":"https:\/\/blogs.hoy.es\/Juandomingofernandez\/wp-json\/wp\/v2\/users\/13"}],"replies":[{"embeddable":true,"href":"https:\/\/blogs.hoy.es\/Juandomingofernandez\/wp-json\/wp\/v2\/comments?post=138"}],"version-history":[{"count":0,"href":"https:\/\/blogs.hoy.es\/Juandomingofernandez\/wp-json\/wp\/v2\/posts\/138\/revisions"}],"wp:attachment":[{"href":"https:\/\/blogs.hoy.es\/Juandomingofernandez\/wp-json\/wp\/v2\/media?parent=138"}],"wp:term":[{"taxonomy":"category","embeddable":true,"href":"https:\/\/blogs.hoy.es\/Juandomingofernandez\/wp-json\/wp\/v2\/categories?post=138"},{"taxonomy":"post_tag","embeddable":true,"href":"https:\/\/blogs.hoy.es\/Juandomingofernandez\/wp-json\/wp\/v2\/tags?post=138"}],"curies":[{"name":"wp","href":"https:\/\/api.w.org\/{rel}","templated":true}]}}