{"id":140,"date":"2009-05-01T00:52:00","date_gmt":"2009-05-01T00:52:00","guid":{"rendered":"http:\/\/blogs.hoy.es\/Juandomingofernandez\/?p=140"},"modified":"2009-05-01T00:52:00","modified_gmt":"2009-05-01T00:52:00","slug":"otra-historia","status":"publish","type":"post","link":"https:\/\/blogs.hoy.es\/Juandomingofernandez\/2009\/05\/01\/otra-historia\/","title":{"rendered":"Otra historia"},"content":{"rendered":"<p><meta http-equiv=\"Content-Type\" content=\"text\/html; charset=utf-8\"><meta name=\"ProgId\" content=\"Word.Document\"><meta name=\"Generator\" content=\"Microsoft Word 11\"><meta name=\"Originator\" content=\"Microsoft Word 11\"><link rel=\"File-List\" href=\"file:\/\/\/C:%5CDOCUME%7E1%5CTEMP%5CCONFIG%7E1%5CTemp%5Cmsohtml1%5C01%5Cclip_filelist.xml\"><o:smarttagtype namespaceuri=\"urn:schemas-microsoft-com:office:smarttags\" name=\"PersonName\"><\/o:smarttagtype><big>El mundo es muy raro. Jos\u00e9 Agust\u00edn Goytisolo nos lo advirti\u00f3 hace  a\u00f1os con su poema \u2018El lobito bueno\u2019, ese al que maltrataban todos los corderos cuando \u00abhab\u00eda tambi\u00e9n un pr\u00edncipe malo, una bruja hermosa y un pirata honrado\u00bb. No se vayan. No es mi intenci\u00f3n elogiar a la Rep\u00fablica ni abordar el paneg\u00edrico de los piratas modernos, esos desheredados de Somalia \u2013recu\u00e9rdese, un pa\u00eds sin Estado\u2013 al hilo del poema de Goytisolo, que tantas veces ha cantado Paco Ib\u00e1\u00f1ez.  <\/p>\n<p>El mundo es raro por otras muchas razones. Por la \u00abnueva gripe\u00bb en la era de la globalizaci\u00f3n; por una crisis financiera que salva a los multimillonarios y condena a los parias al desempleo o por la capacidad de un pa\u00eds para \u2018deslumbrarse\u2019 (los medios de comunicaci\u00f3n los primeros) por el estilismo de una \u2018primera dama\u2019, modelo y cantante de profesi\u00f3n. \u00a1<\/big><big>Qu\u00e9 tropa, Miquelarena!  <\/p>\n<p>Acabo de leer que la Guardia Civil ha detenido a un m\u00e9dico de una cl\u00ednica de Utrera (Sevilla). No le ha detenido por un mal diagn\u00f3stico o por otra pifia profesional. Por lo visto, el p\u00e1jaro se dedicaba a grabar a sus compa\u00f1eras mientras se cambiaban de ropa. Utilizaba un bol\u00edgrafo esp\u00eda, dotado de una minic\u00e1mara de v\u00eddeo, que dejaba estrat\u00e9gicamente situado en el perchero donde se cuelgan las batas. En vez de repasar expedientes o consultar el vadem\u00e9cum, el facultativo \u2018voyeur\u2019 pulsaba el play y a esperar la cosecha. Se le acusa de un delito contra la intimidad. Antes mir\u00f3n que galeno. <\/p>\n<p>La otra semana se supo que uno de los presuntos etarras detenidos en la localidad francesa de Montauriol no estaba fichado y daba clases de \u00c9tica en un colegio de Vitoria. El mundo es raro. La zorra dentro del gallinero. <\/p>\n<p>La historia del presunto etarra explicando a Kant o a Spinoza me recuerda aquel relato de Borges en el que un personaje, ante la vista de un horno crematorio de la \u00e9poca nazi, le atribuye la autor\u00eda del monumento a Hitler, un hombre \u2013se deduce en el cuento\u2013 que debi\u00f3 de ser \u00abun fil\u00e1ntropo\u00bb y cuya memoria se ha perdido en las brumas de la historia.   <\/p>\n<p>Es posible que en el futuro la crisis la expliquen como un ajuste terap\u00e9utico, la acci\u00f3n del m\u00e9dico esp\u00eda como la aventura de un pionero de la recogida de datos y la historia del presunto etarra como la contribuci\u00f3n de otro fil\u00e1ntropo a su pueblo.  <\/p>\n<p>Y habr\u00e1 quien lo crea.<\/big><\/p>\n<!-- AddThis Advanced Settings generic via filter on the_content --><!-- AddThis Share Buttons generic via filter on the_content -->","protected":false},"excerpt":{"rendered":"<p>El mundo es muy raro. Jos\u00e9 Agust\u00edn Goytisolo nos lo advirti\u00f3 hace a\u00f1os con su poema \u2018El lobito bueno\u2019, ese al que maltrataban todos los corderos cuando \u00abhab\u00eda tambi\u00e9n un pr\u00edncipe malo, una bruja hermosa y un pirata honrado\u00bb. No se vayan. No es mi intenci\u00f3n elogiar a la Rep\u00fablica ni abordar el paneg\u00edrico de [&hellip;]<!-- AddThis Advanced Settings generic via filter on get_the_excerpt --><!-- AddThis Share Buttons generic via filter on get_the_excerpt --><\/p>\n","protected":false},"author":13,"featured_media":0,"comment_status":"open","ping_status":"closed","sticky":false,"template":"","format":"standard","meta":[],"categories":[1],"tags":[165,281,578],"_links":{"self":[{"href":"https:\/\/blogs.hoy.es\/Juandomingofernandez\/wp-json\/wp\/v2\/posts\/140"}],"collection":[{"href":"https:\/\/blogs.hoy.es\/Juandomingofernandez\/wp-json\/wp\/v2\/posts"}],"about":[{"href":"https:\/\/blogs.hoy.es\/Juandomingofernandez\/wp-json\/wp\/v2\/types\/post"}],"author":[{"embeddable":true,"href":"https:\/\/blogs.hoy.es\/Juandomingofernandez\/wp-json\/wp\/v2\/users\/13"}],"replies":[{"embeddable":true,"href":"https:\/\/blogs.hoy.es\/Juandomingofernandez\/wp-json\/wp\/v2\/comments?post=140"}],"version-history":[{"count":0,"href":"https:\/\/blogs.hoy.es\/Juandomingofernandez\/wp-json\/wp\/v2\/posts\/140\/revisions"}],"wp:attachment":[{"href":"https:\/\/blogs.hoy.es\/Juandomingofernandez\/wp-json\/wp\/v2\/media?parent=140"}],"wp:term":[{"taxonomy":"category","embeddable":true,"href":"https:\/\/blogs.hoy.es\/Juandomingofernandez\/wp-json\/wp\/v2\/categories?post=140"},{"taxonomy":"post_tag","embeddable":true,"href":"https:\/\/blogs.hoy.es\/Juandomingofernandez\/wp-json\/wp\/v2\/tags?post=140"}],"curies":[{"name":"wp","href":"https:\/\/api.w.org\/{rel}","templated":true}]}}